{"id":1327,"date":"2011-12-01T12:31:15","date_gmt":"2011-12-01T11:31:15","guid":{"rendered":"https:\/\/www.oliorivieraligure.it\/?p=1327"},"modified":"2012-01-09T10:59:31","modified_gmt":"2012-01-09T09:59:31","slug":"pacchetto-latte-e-pacchetto-qualita-aicig-a-bruxelles-impegnata-in-diversi-incontri-bilaterali-in-parlamento","status":"publish","type":"post","link":"https:\/\/www.oliorivieraligure.it\/en\/news\/pacchetto-latte-e-pacchetto-qualita-aicig-a-bruxelles-impegnata-in-diversi-incontri-bilaterali-in-parlamento\/","title":{"rendered":"Pacchetto Latte e Pacchetto Qualit\u00e0: Aicig a Bruxelles impegnata in diversi incontri bilaterali in Parlamento"},"content":{"rendered":"<p class=\"qtranxs-available-languages-message qtranxs-available-languages-message-en\">Sorry, this entry is only available in <a href=\"https:\/\/www.oliorivieraligure.it\/it\/wp-json\/wp\/v2\/posts\/1327\" class=\"qtranxs-available-language-link qtranxs-available-language-link-it\" title=\"Italiano\">Italiano<\/a>. For the sake of viewer convenience, the content is shown below in the alternative language. You may click the link to switch the active language.<\/p><p><img data-recalc-dims=\"1\" loading=\"lazy\" decoding=\"async\" src=\"https:\/\/i0.wp.com\/www.oliorivieraligure.it\/wp-content\/uploads\/2011\/12\/Parlamento-europeo-sede-Bruxelles1-300x225.jpg?resize=300%2C225\" alt=\"\" title=\"Parlamento europeo sede di Bruxelles \" width=\"300\" height=\"225\" class=\"alignleft size-medium wp-image-1328\" srcset=\"https:\/\/i0.wp.com\/www.oliorivieraligure.it\/wp-content\/uploads\/2011\/12\/Parlamento-europeo-sede-Bruxelles1.jpg?resize=300%2C225&amp;ssl=1 300w, https:\/\/i0.wp.com\/www.oliorivieraligure.it\/wp-content\/uploads\/2011\/12\/Parlamento-europeo-sede-Bruxelles1.jpg?w=800&amp;ssl=1 800w\" sizes=\"auto, (max-width: 300px) 100vw, 300px\" \/><em>Bruxelles, 29 novembre, 2011<\/em><\/p>\n<p>Continua senza sosta l\u2019attivit\u00e0 di Aicig al Parlamento Europeo di Bruxelles per supportare gli interessi dei Consorzi di tutela nell\u2019ambito dell\u2019evoluzione normativa comunitaria.<\/p>\n<p>Il Consiglio Direttivo di Aicig ha incontrato diversi parlamentari per insistere nuovamente sulle richieste avanzate dai Consorzi italiani.<\/p>\n<p>Il punto pi\u00f9 dibattuto, oltre al riconoscimento del ruolo dei Consorzi in ambito europeo e la definizione di un sistema di protezione ex-officio sull\u2019intero territorio comunitario (argomenti ormai condivisi), resta l\u2019inserimento nelle future normative di una disposizione che permetta ai Consorzi di tutela di regolamentare i volumi produttivi per trovare un equilibrio tra domanda e offerta.<\/p>\n<p>Il primo incontro si \u00e8 tenuto con l\u2019onorevole Herbert Dorfmann, sempre attento alle questioni legate alle produzioni Dop e Igp, che ha confermato il proprio impegno nel supportare le richieste nazionali.<\/p>\n<p>Successivamente Aicig, con il coordinamento dell\u2019onorevole Giancarlo Scott\u00e0, si \u00e8 confrontata con la relatrice del Pacchetto Qualit\u00e0, l\u2019onorevole Garcia Peretz.<\/p>\n<p>Entrambi gli incontri hanno dato esiti pi\u00f9 che positivi, confermando la grande sensibilit\u00e0 degli interlocutori rispetto alle richieste avanzate dai Consorzi italiani.<\/p>\n<p>\u201cL\u2019Italia, leader non solo come numero di prodotti riconosciuti ma anche in termini di fatturato (rappresenta infatti circa il 70% dell\u2019intero valore delle produzioni Dop e Igp europee) \u2013 dichiara <strong>Mario Cichetti, consigliere AICIG<\/strong> \u2013 deve avere il giusto peso nell\u2019ambito della definizione delle regole. Le nostre produzioni sono un traino per l\u2019intero sistema Dop e Igp comunitario e le nostre esigenze non possono essere trascurate dal legislatore; se cos\u00ec fosse siamo pronti a mettere in discussione l\u2019intero sistema che evidentemente non rappresenta gli interessi delle nostre imprese\u201d.<\/p>\n<p>\u201cDa oltre due anni stiamo lavorando a pieno regime per fornire agli uffici della Commissione e del Parlamento tutte le motivazioni giuridiche a supporto delle nostre richieste \u2013 prosegue <strong>Stefano Fontana, Consigliere AICIG<\/strong> \u2013 siamo ora giunti alle discussioni finali e ci aspettiamo un epilogo positivo. Fondamentale in tutto questo lungo percorso il ruolo di Paolo De Castro, Presidente della Commissione Agricoltura del Parlamento Europeo\u201d.<\/p>","protected":false},"excerpt":{"rendered":"<p>Sorry, this entry is only available in Italiano. For the sake of viewer convenience, the content is shown below in the alternative language. You may click the link to switch the active language.Bruxelles, 29 novembre, 2011 Continua senza sosta l\u2019attivit\u00e0 di Aicig al Parlamento Europeo di Bruxelles per supportare gli interessi dei Consorzi di tutela [&hellip;]<\/p>\n","protected":false},"author":5,"featured_media":1328,"comment_status":"closed","ping_status":"closed","sticky":false,"template":"","format":"standard","meta":{"_genesis_hide_title":false,"_genesis_hide_breadcrumbs":false,"_genesis_hide_singular_image":false,"_genesis_hide_footer_widgets":false,"_genesis_custom_body_class":"","_genesis_custom_post_class":"","_genesis_layout":"","jetpack_post_was_ever_published":false,"_jetpack_newsletter_access":"","_jetpack_dont_email_post_to_subs":false,"_jetpack_newsletter_tier_id":0,"_jetpack_memberships_contains_paywalled_content":false,"_jetpack_memberships_contains_paid_content":false,"footnotes":"","jetpack_publicize_message":"","jetpack_publicize_feature_enabled":true,"jetpack_social_post_already_shared":false,"jetpack_social_options":{"image_generator_settings":{"template":"highway","enabled":false},"version":2}},"categories":[1],"tags":[53,91,54],"class_list":{"0":"post-1327","1":"post","2":"type-post","3":"status-publish","4":"format-standard","5":"has-post-thumbnail","7":"category-news","8":"tag-aicig","9":"tag-consorzio-di-tutela-olio-dop-riviera-ligure","10":"tag-dop","11":"entry"},"yoast_head":"<!-- This site is optimized with the Yoast SEO plugin v25.1 - https:\/\/yoast.com\/wordpress\/plugins\/seo\/ -->\n<title>Pacchetto Latte e Pacchetto Qualit\u00e0: Aicig a Bruxelles impegnata in diversi incontri bilaterali in Parlamento - Consorzio di Tutela Olio DOP Riviera Ligure<\/title>\n<meta name=\"robots\" content=\"index, follow, max-snippet:-1, max-image-preview:large, max-video-preview:-1\" \/>\n<link rel=\"canonical\" href=\"https:\/\/www.oliorivieraligure.it\/news\/pacchetto-latte-e-pacchetto-qualita-aicig-a-bruxelles-impegnata-in-diversi-incontri-bilaterali-in-parlamento\/\" \/>\n<meta name=\"twitter:label1\" content=\"Written by\" \/>\n\t<meta name=\"twitter:data1\" content=\"Webmaster\" \/>\n\t<meta name=\"twitter:label2\" content=\"Est. reading time\" \/>\n\t<meta name=\"twitter:data2\" content=\"2 minutes\" \/>\n<script type=\"application\/ld+json\" class=\"yoast-schema-graph\">{\"@context\":\"https:\/\/schema.org\",\"@graph\":[{\"@type\":\"Article\",\"@id\":\"https:\/\/www.oliorivieraligure.it\/news\/pacchetto-latte-e-pacchetto-qualita-aicig-a-bruxelles-impegnata-in-diversi-incontri-bilaterali-in-parlamento\/#article\",\"isPartOf\":{\"@id\":\"https:\/\/www.oliorivieraligure.it\/news\/pacchetto-latte-e-pacchetto-qualita-aicig-a-bruxelles-impegnata-in-diversi-incontri-bilaterali-in-parlamento\/\"},\"author\":{\"name\":\"Webmaster\",\"@id\":\"https:\/\/www.oliorivieraligure.it\/#\/schema\/person\/fb304d64078abbc0584d65b804ce91c4\"},\"headline\":\"Pacchetto Latte e Pacchetto Qualit\u00e0: Aicig a Bruxelles impegnata in diversi incontri bilaterali in Parlamento\",\"datePublished\":\"2011-12-01T11:31:15+00:00\",\"dateModified\":\"2012-01-09T09:59:31+00:00\",\"mainEntityOfPage\":{\"@id\":\"https:\/\/www.oliorivieraligure.it\/news\/pacchetto-latte-e-pacchetto-qualita-aicig-a-bruxelles-impegnata-in-diversi-incontri-bilaterali-in-parlamento\/\"},\"wordCount\":346,\"publisher\":{\"@id\":\"https:\/\/www.oliorivieraligure.it\/#organization\"},\"image\":{\"@id\":\"https:\/\/www.oliorivieraligure.it\/news\/pacchetto-latte-e-pacchetto-qualita-aicig-a-bruxelles-impegnata-in-diversi-incontri-bilaterali-in-parlamento\/#primaryimage\"},\"thumbnailUrl\":\"https:\/\/i0.wp.com\/www.oliorivieraligure.it\/wp-content\/uploads\/2011\/12\/Parlamento-europeo-sede-Bruxelles1.jpg?fit=800%2C600&ssl=1\",\"keywords\":[\"AICIG\",\"Consorzio di Tutela Olio DOP Riviera Ligure\",\"DOP\"],\"articleSection\":[\"News\"],\"inLanguage\":\"en-US\"},{\"@type\":\"WebPage\",\"@id\":\"https:\/\/www.oliorivieraligure.it\/news\/pacchetto-latte-e-pacchetto-qualita-aicig-a-bruxelles-impegnata-in-diversi-incontri-bilaterali-in-parlamento\/\",\"url\":\"https:\/\/www.oliorivieraligure.it\/news\/pacchetto-latte-e-pacchetto-qualita-aicig-a-bruxelles-impegnata-in-diversi-incontri-bilaterali-in-parlamento\/\",\"name\":\"Pacchetto Latte e Pacchetto Qualit\u00e0: Aicig a Bruxelles impegnata in diversi incontri bilaterali in Parlamento - Consorzio di Tutela Olio DOP Riviera Ligure\",\"isPartOf\":{\"@id\":\"https:\/\/www.oliorivieraligure.it\/#website\"},\"primaryImageOfPage\":{\"@id\":\"https:\/\/www.oliorivieraligure.it\/news\/pacchetto-latte-e-pacchetto-qualita-aicig-a-bruxelles-impegnata-in-diversi-incontri-bilaterali-in-parlamento\/#primaryimage\"},\"image\":{\"@id\":\"https:\/\/www.oliorivieraligure.it\/news\/pacchetto-latte-e-pacchetto-qualita-aicig-a-bruxelles-impegnata-in-diversi-incontri-bilaterali-in-parlamento\/#primaryimage\"},\"thumbnailUrl\":\"https:\/\/i0.wp.com\/www.oliorivieraligure.it\/wp-content\/uploads\/2011\/12\/Parlamento-europeo-sede-Bruxelles1.jpg?fit=800%2C600&ssl=1\",\"datePublished\":\"2011-12-01T11:31:15+00:00\",\"dateModified\":\"2012-01-09T09:59:31+00:00\",\"breadcrumb\":{\"@id\":\"https:\/\/www.oliorivieraligure.it\/news\/pacchetto-latte-e-pacchetto-qualita-aicig-a-bruxelles-impegnata-in-diversi-incontri-bilaterali-in-parlamento\/#breadcrumb\"},\"inLanguage\":\"en-US\",\"potentialAction\":[{\"@type\":\"ReadAction\",\"target\":[\"https:\/\/www.oliorivieraligure.it\/news\/pacchetto-latte-e-pacchetto-qualita-aicig-a-bruxelles-impegnata-in-diversi-incontri-bilaterali-in-parlamento\/\"]}]},{\"@type\":\"ImageObject\",\"inLanguage\":\"en-US\",\"@id\":\"https:\/\/www.oliorivieraligure.it\/news\/pacchetto-latte-e-pacchetto-qualita-aicig-a-bruxelles-impegnata-in-diversi-incontri-bilaterali-in-parlamento\/#primaryimage\",\"url\":\"https:\/\/i0.wp.com\/www.oliorivieraligure.it\/wp-content\/uploads\/2011\/12\/Parlamento-europeo-sede-Bruxelles1.jpg?fit=800%2C600&ssl=1\",\"contentUrl\":\"https:\/\/i0.wp.com\/www.oliorivieraligure.it\/wp-content\/uploads\/2011\/12\/Parlamento-europeo-sede-Bruxelles1.jpg?fit=800%2C600&ssl=1\",\"width\":\"800\",\"height\":\"600\"},{\"@type\":\"BreadcrumbList\",\"@id\":\"https:\/\/www.oliorivieraligure.it\/news\/pacchetto-latte-e-pacchetto-qualita-aicig-a-bruxelles-impegnata-in-diversi-incontri-bilaterali-in-parlamento\/#breadcrumb\",\"itemListElement\":[{\"@type\":\"ListItem\",\"position\":1,\"name\":\"Home\",\"item\":\"https:\/\/www.oliorivieraligure.it\/\"},{\"@type\":\"ListItem\",\"position\":2,\"name\":\"Pacchetto Latte e Pacchetto Qualit\u00e0: Aicig a Bruxelles impegnata in diversi incontri bilaterali in Parlamento\"}]},{\"@type\":\"WebSite\",\"@id\":\"https:\/\/www.oliorivieraligure.it\/#website\",\"url\":\"https:\/\/www.oliorivieraligure.it\/\",\"name\":\"Consorzio di Tutela Olio DOP Riviera Ligure\",\"description\":\"Tutta la nostra passione da sempre. Naturalmente.\",\"publisher\":{\"@id\":\"https:\/\/www.oliorivieraligure.it\/#organization\"},\"potentialAction\":[{\"@type\":\"SearchAction\",\"target\":{\"@type\":\"EntryPoint\",\"urlTemplate\":\"https:\/\/www.oliorivieraligure.it\/?s={search_term_string}\"},\"query-input\":{\"@type\":\"PropertyValueSpecification\",\"valueRequired\":true,\"valueName\":\"search_term_string\"}}],\"inLanguage\":\"en-US\"},{\"@type\":\"Organization\",\"@id\":\"https:\/\/www.oliorivieraligure.it\/#organization\",\"name\":\"Consorzio per la Tutela dell'Olio DOP Riviera Ligure\",\"url\":\"https:\/\/www.oliorivieraligure.it\/\",\"logo\":{\"@type\":\"ImageObject\",\"inLanguage\":\"en-US\",\"@id\":\"https:\/\/www.oliorivieraligure.it\/#\/schema\/logo\/image\/\",\"url\":\"https:\/\/i2.wp.com\/www.oliorivieraligure.it\/wp-content\/uploads\/2016\/11\/logoconsorzio.jpg?fit=1040%2C520&ssl=1\",\"contentUrl\":\"https:\/\/i2.wp.com\/www.oliorivieraligure.it\/wp-content\/uploads\/2016\/11\/logoconsorzio.jpg?fit=1040%2C520&ssl=1\",\"width\":1040,\"height\":520,\"caption\":\"Consorzio per la Tutela dell'Olio DOP Riviera Ligure\"},\"image\":{\"@id\":\"https:\/\/www.oliorivieraligure.it\/#\/schema\/logo\/image\/\"}},{\"@type\":\"Person\",\"@id\":\"https:\/\/www.oliorivieraligure.it\/#\/schema\/person\/fb304d64078abbc0584d65b804ce91c4\",\"name\":\"Webmaster\",\"url\":\"https:\/\/www.oliorivieraligure.it\/en\/author\/admin\/\"}]}<\/script>\n<!-- \/ Yoast SEO plugin. -->","yoast_head_json":{"title":"Pacchetto Latte e Pacchetto Qualit\u00e0: Aicig a Bruxelles impegnata in diversi incontri bilaterali in Parlamento - Consorzio di Tutela Olio DOP Riviera Ligure","robots":{"index":"index","follow":"follow","max-snippet":"max-snippet:-1","max-image-preview":"max-image-preview:large","max-video-preview":"max-video-preview:-1"},"canonical":"https:\/\/www.oliorivieraligure.it\/news\/pacchetto-latte-e-pacchetto-qualita-aicig-a-bruxelles-impegnata-in-diversi-incontri-bilaterali-in-parlamento\/","twitter_misc":{"Written by":"Webmaster","Est. reading time":"2 minutes"},"schema":{"@context":"https:\/\/schema.org","@graph":[{"@type":"Article","@id":"https:\/\/www.oliorivieraligure.it\/news\/pacchetto-latte-e-pacchetto-qualita-aicig-a-bruxelles-impegnata-in-diversi-incontri-bilaterali-in-parlamento\/#article","isPartOf":{"@id":"https:\/\/www.oliorivieraligure.it\/news\/pacchetto-latte-e-pacchetto-qualita-aicig-a-bruxelles-impegnata-in-diversi-incontri-bilaterali-in-parlamento\/"},"author":{"name":"Webmaster","@id":"https:\/\/www.oliorivieraligure.it\/#\/schema\/person\/fb304d64078abbc0584d65b804ce91c4"},"headline":"Pacchetto Latte e Pacchetto Qualit\u00e0: Aicig a Bruxelles impegnata in diversi incontri bilaterali in Parlamento","datePublished":"2011-12-01T11:31:15+00:00","dateModified":"2012-01-09T09:59:31+00:00","mainEntityOfPage":{"@id":"https:\/\/www.oliorivieraligure.it\/news\/pacchetto-latte-e-pacchetto-qualita-aicig-a-bruxelles-impegnata-in-diversi-incontri-bilaterali-in-parlamento\/"},"wordCount":346,"publisher":{"@id":"https:\/\/www.oliorivieraligure.it\/#organization"},"image":{"@id":"https:\/\/www.oliorivieraligure.it\/news\/pacchetto-latte-e-pacchetto-qualita-aicig-a-bruxelles-impegnata-in-diversi-incontri-bilaterali-in-parlamento\/#primaryimage"},"thumbnailUrl":"https:\/\/i0.wp.com\/www.oliorivieraligure.it\/wp-content\/uploads\/2011\/12\/Parlamento-europeo-sede-Bruxelles1.jpg?fit=800%2C600&ssl=1","keywords":["AICIG","Consorzio di Tutela Olio DOP Riviera Ligure","DOP"],"articleSection":["News"],"inLanguage":"en-US"},{"@type":"WebPage","@id":"https:\/\/www.oliorivieraligure.it\/news\/pacchetto-latte-e-pacchetto-qualita-aicig-a-bruxelles-impegnata-in-diversi-incontri-bilaterali-in-parlamento\/","url":"https:\/\/www.oliorivieraligure.it\/news\/pacchetto-latte-e-pacchetto-qualita-aicig-a-bruxelles-impegnata-in-diversi-incontri-bilaterali-in-parlamento\/","name":"Pacchetto Latte e Pacchetto Qualit\u00e0: Aicig a Bruxelles impegnata in diversi incontri bilaterali in Parlamento - Consorzio di Tutela Olio DOP Riviera Ligure","isPartOf":{"@id":"https:\/\/www.oliorivieraligure.it\/#website"},"primaryImageOfPage":{"@id":"https:\/\/www.oliorivieraligure.it\/news\/pacchetto-latte-e-pacchetto-qualita-aicig-a-bruxelles-impegnata-in-diversi-incontri-bilaterali-in-parlamento\/#primaryimage"},"image":{"@id":"https:\/\/www.oliorivieraligure.it\/news\/pacchetto-latte-e-pacchetto-qualita-aicig-a-bruxelles-impegnata-in-diversi-incontri-bilaterali-in-parlamento\/#primaryimage"},"thumbnailUrl":"https:\/\/i0.wp.com\/www.oliorivieraligure.it\/wp-content\/uploads\/2011\/12\/Parlamento-europeo-sede-Bruxelles1.jpg?fit=800%2C600&ssl=1","datePublished":"2011-12-01T11:31:15+00:00","dateModified":"2012-01-09T09:59:31+00:00","breadcrumb":{"@id":"https:\/\/www.oliorivieraligure.it\/news\/pacchetto-latte-e-pacchetto-qualita-aicig-a-bruxelles-impegnata-in-diversi-incontri-bilaterali-in-parlamento\/#breadcrumb"},"inLanguage":"en-US","potentialAction":[{"@type":"ReadAction","target":["https:\/\/www.oliorivieraligure.it\/news\/pacchetto-latte-e-pacchetto-qualita-aicig-a-bruxelles-impegnata-in-diversi-incontri-bilaterali-in-parlamento\/"]}]},{"@type":"ImageObject","inLanguage":"en-US","@id":"https:\/\/www.oliorivieraligure.it\/news\/pacchetto-latte-e-pacchetto-qualita-aicig-a-bruxelles-impegnata-in-diversi-incontri-bilaterali-in-parlamento\/#primaryimage","url":"https:\/\/i0.wp.com\/www.oliorivieraligure.it\/wp-content\/uploads\/2011\/12\/Parlamento-europeo-sede-Bruxelles1.jpg?fit=800%2C600&ssl=1","contentUrl":"https:\/\/i0.wp.com\/www.oliorivieraligure.it\/wp-content\/uploads\/2011\/12\/Parlamento-europeo-sede-Bruxelles1.jpg?fit=800%2C600&ssl=1","width":"800","height":"600"},{"@type":"BreadcrumbList","@id":"https:\/\/www.oliorivieraligure.it\/news\/pacchetto-latte-e-pacchetto-qualita-aicig-a-bruxelles-impegnata-in-diversi-incontri-bilaterali-in-parlamento\/#breadcrumb","itemListElement":[{"@type":"ListItem","position":1,"name":"Home","item":"https:\/\/www.oliorivieraligure.it\/"},{"@type":"ListItem","position":2,"name":"Pacchetto Latte e Pacchetto Qualit\u00e0: Aicig a Bruxelles impegnata in diversi incontri bilaterali in Parlamento"}]},{"@type":"WebSite","@id":"https:\/\/www.oliorivieraligure.it\/#website","url":"https:\/\/www.oliorivieraligure.it\/","name":"Consorzio di Tutela Olio DOP Riviera Ligure","description":"Tutta la nostra passione da sempre. Naturalmente.","publisher":{"@id":"https:\/\/www.oliorivieraligure.it\/#organization"},"potentialAction":[{"@type":"SearchAction","target":{"@type":"EntryPoint","urlTemplate":"https:\/\/www.oliorivieraligure.it\/?s={search_term_string}"},"query-input":{"@type":"PropertyValueSpecification","valueRequired":true,"valueName":"search_term_string"}}],"inLanguage":"en-US"},{"@type":"Organization","@id":"https:\/\/www.oliorivieraligure.it\/#organization","name":"Consorzio per la Tutela dell'Olio DOP Riviera Ligure","url":"https:\/\/www.oliorivieraligure.it\/","logo":{"@type":"ImageObject","inLanguage":"en-US","@id":"https:\/\/www.oliorivieraligure.it\/#\/schema\/logo\/image\/","url":"https:\/\/i2.wp.com\/www.oliorivieraligure.it\/wp-content\/uploads\/2016\/11\/logoconsorzio.jpg?fit=1040%2C520&ssl=1","contentUrl":"https:\/\/i2.wp.com\/www.oliorivieraligure.it\/wp-content\/uploads\/2016\/11\/logoconsorzio.jpg?fit=1040%2C520&ssl=1","width":1040,"height":520,"caption":"Consorzio per la Tutela dell'Olio DOP Riviera Ligure"},"image":{"@id":"https:\/\/www.oliorivieraligure.it\/#\/schema\/logo\/image\/"}},{"@type":"Person","@id":"https:\/\/www.oliorivieraligure.it\/#\/schema\/person\/fb304d64078abbc0584d65b804ce91c4","name":"Webmaster","url":"https:\/\/www.oliorivieraligure.it\/en\/author\/admin\/"}]}},"jetpack_publicize_connections":[],"jetpack_featured_media_url":"https:\/\/i0.wp.com\/www.oliorivieraligure.it\/wp-content\/uploads\/2011\/12\/Parlamento-europeo-sede-Bruxelles1.jpg?fit=800%2C600&ssl=1","jetpack_shortlink":"https:\/\/wp.me\/p1pXCP-lp","jetpack_sharing_enabled":true,"_links":{"self":[{"href":"https:\/\/www.oliorivieraligure.it\/en\/wp-json\/wp\/v2\/posts\/1327","targetHints":{"allow":["GET"]}}],"collection":[{"href":"https:\/\/www.oliorivieraligure.it\/en\/wp-json\/wp\/v2\/posts"}],"about":[{"href":"https:\/\/www.oliorivieraligure.it\/en\/wp-json\/wp\/v2\/types\/post"}],"author":[{"embeddable":true,"href":"https:\/\/www.oliorivieraligure.it\/en\/wp-json\/wp\/v2\/users\/5"}],"replies":[{"embeddable":true,"href":"https:\/\/www.oliorivieraligure.it\/en\/wp-json\/wp\/v2\/comments?post=1327"}],"version-history":[{"count":0,"href":"https:\/\/www.oliorivieraligure.it\/en\/wp-json\/wp\/v2\/posts\/1327\/revisions"}],"wp:featuredmedia":[{"embeddable":true,"href":"https:\/\/www.oliorivieraligure.it\/en\/wp-json\/wp\/v2\/media\/1328"}],"wp:attachment":[{"href":"https:\/\/www.oliorivieraligure.it\/en\/wp-json\/wp\/v2\/media?parent=1327"}],"wp:term":[{"taxonomy":"category","embeddable":true,"href":"https:\/\/www.oliorivieraligure.it\/en\/wp-json\/wp\/v2\/categories?post=1327"},{"taxonomy":"post_tag","embeddable":true,"href":"https:\/\/www.oliorivieraligure.it\/en\/wp-json\/wp\/v2\/tags?post=1327"}],"curies":[{"name":"wp","href":"https:\/\/api.w.org\/{rel}","templated":true}]}}