{"id":312,"date":"2010-10-20T10:39:55","date_gmt":"2010-10-20T08:39:55","guid":{"rendered":"https:\/\/www.oliorivieraligure.it\/?p=312"},"modified":"2011-03-16T18:43:09","modified_gmt":"2011-03-16T17:43:09","slug":"l%e2%80%99oro-giallo-dop-di-liguria-al-salone-del-gusto-di-torino","status":"publish","type":"post","link":"https:\/\/www.oliorivieraligure.it\/en\/news\/l%e2%80%99oro-giallo-dop-di-liguria-al-salone-del-gusto-di-torino\/","title":{"rendered":"L\u2019oro giallo DOP di Liguria al Salone del Gusto di Torino"},"content":{"rendered":"<p class=\"qtranxs-available-languages-message qtranxs-available-languages-message-en\">Sorry, this entry is only available in <a href=\"https:\/\/www.oliorivieraligure.it\/it\/wp-json\/wp\/v2\/posts\/312\" class=\"qtranxs-available-language-link qtranxs-available-language-link-it\" title=\"Italiano\">Italiano<\/a>. For the sake of viewer convenience, the content is shown below in the alternative language. You may click the link to switch the active language.<\/p><p><\/p>\n<div>l Consorzio di Tutela dell&#8217;Olio DOP Riviera Ligure sar\u00e0 presente con diverse produzioni di olio presso lo stand della Regione Liguria e del sistema camerale ligure al Salone del Gusto di Torino, in programma da domani, gioved\u00ec 21 ottobre, fino a luned\u00ec 25 ottobre. In un appuntamento di particolare prestigio nel panorama gastronomico nazionale, il Consorzio incontrer\u00e0 i consumatori per promuovere le qualit\u00e0 sopraffine di un prodotto tra i pi\u00f9 ricercati dagli intenditori.<\/div>\n<div>\nIl Consorzio ha infatti rifornito il \u201cRistorante Liguria\u201d con olio extravergine di oliva DOP Riviera Ligure destinato alla preparazione dei piatti del menu tipico regionale. Il consumatore trover\u00e0 sui tavoli bottiglie di olio proveniente dalle tre menzioni geografiche (Riviera dei Fiori, Riviera del Ponente Savonese e Riviera di Levante), da abbinare ai diversi piatti proposti dallo Chef Andrea Della Gatta.<\/p>\n<p>Presso lo stand Liguria (padiglione 2), accanto alla tradizionale enoteca sar\u00e0 allestita un&#8217;oleoteca dove sar\u00e0 possibile degustare le produzioni DOP Riviera Ligure delle seguenti aziende: Az. Agr. Papone Mariano, C\u00e0 Bianca, Casa Olearia Taggiasca, F.lli Carli spa, Frantoio Boeri Giuseppe, Frantoio di Sant\u2019Agata d\u2019Oneglia, Frantoio Ghiglione, Frantoio Oleario Marvaldi Giuseppe, Frantoio Venturino Bartolomeo, Il Colle degli Ulivi, Il Frantoio, Isnardi Pietro spa, La Baita, La Tenuta de l\u2019Esedra, Olio Anfosso, Olio Roi, Ranise Roberto, Roberto Rota, Siffredi Carlo, Sole e Sassi, Sommariva Tradizione Agricola, Terre Bormane, Ulivi di Liguria.<\/p>\n<p>Inoltre, nella giornata di sabato 23 ottobre alle ore 15.30, \u00e8 previsto un assaggio guidato delle tre menzioni geografiche Riviera dei Fiori, Riviera del Ponente Savonese e Riviera di Levante.<\/p><\/div>\n<p><\/p>","protected":false},"excerpt":{"rendered":"<p>Sorry, this entry is only available in Italiano. For the sake of viewer convenience, the content is shown below in the alternative language. You may click the link to switch the active language. l Consorzio di Tutela dell&#8217;Olio DOP Riviera Ligure sar\u00e0 presente con diverse produzioni di olio presso lo stand della Regione Liguria e [&hellip;]<\/p>\n","protected":false},"author":5,"featured_media":0,"comment_status":"closed","ping_status":"closed","sticky":false,"template":"","format":"standard","meta":{"_genesis_hide_title":false,"_genesis_hide_breadcrumbs":false,"_genesis_hide_singular_image":false,"_genesis_hide_footer_widgets":false,"_genesis_custom_body_class":"","_genesis_custom_post_class":"","_genesis_layout":"","jetpack_post_was_ever_published":false,"_jetpack_newsletter_access":"","_jetpack_dont_email_post_to_subs":false,"_jetpack_newsletter_tier_id":0,"_jetpack_memberships_contains_paywalled_content":false,"_jetpack_memberships_contains_paid_content":false,"footnotes":"","jetpack_publicize_message":"","jetpack_publicize_feature_enabled":true,"jetpack_social_post_already_shared":false,"jetpack_social_options":{"image_generator_settings":{"template":"highway","enabled":false},"version":2}},"categories":[1],"tags":[],"class_list":{"0":"post-312","1":"post","2":"type-post","3":"status-publish","4":"format-standard","6":"category-news","7":"entry"},"yoast_head":"<!-- This site is optimized with the Yoast SEO plugin v25.1 - https:\/\/yoast.com\/wordpress\/plugins\/seo\/ -->\n<title>L\u2019oro giallo DOP di Liguria al Salone del Gusto di Torino - Consorzio di Tutela Olio DOP Riviera Ligure<\/title>\n<meta name=\"robots\" content=\"index, follow, max-snippet:-1, max-image-preview:large, max-video-preview:-1\" \/>\n<link rel=\"canonical\" href=\"https:\/\/www.oliorivieraligure.it\/news\/l\u2019oro-giallo-dop-di-liguria-al-salone-del-gusto-di-torino\/\" \/>\n<meta name=\"twitter:label1\" content=\"Written by\" \/>\n\t<meta name=\"twitter:data1\" content=\"Webmaster\" \/>\n\t<meta name=\"twitter:label2\" content=\"Est. reading time\" \/>\n\t<meta name=\"twitter:data2\" content=\"1 minute\" \/>\n<script type=\"application\/ld+json\" class=\"yoast-schema-graph\">{\"@context\":\"https:\/\/schema.org\",\"@graph\":[{\"@type\":\"Article\",\"@id\":\"https:\/\/www.oliorivieraligure.it\/news\/l%e2%80%99oro-giallo-dop-di-liguria-al-salone-del-gusto-di-torino\/#article\",\"isPartOf\":{\"@id\":\"https:\/\/www.oliorivieraligure.it\/news\/l%e2%80%99oro-giallo-dop-di-liguria-al-salone-del-gusto-di-torino\/\"},\"author\":{\"name\":\"Webmaster\",\"@id\":\"https:\/\/www.oliorivieraligure.it\/#\/schema\/person\/fb304d64078abbc0584d65b804ce91c4\"},\"headline\":\"L\u2019oro giallo DOP di Liguria al Salone del Gusto di Torino\",\"datePublished\":\"2010-10-20T08:39:55+00:00\",\"dateModified\":\"2011-03-16T17:43:09+00:00\",\"mainEntityOfPage\":{\"@id\":\"https:\/\/www.oliorivieraligure.it\/news\/l%e2%80%99oro-giallo-dop-di-liguria-al-salone-del-gusto-di-torino\/\"},\"wordCount\":264,\"publisher\":{\"@id\":\"https:\/\/www.oliorivieraligure.it\/#organization\"},\"articleSection\":[\"News\"],\"inLanguage\":\"en-US\"},{\"@type\":\"WebPage\",\"@id\":\"https:\/\/www.oliorivieraligure.it\/news\/l%e2%80%99oro-giallo-dop-di-liguria-al-salone-del-gusto-di-torino\/\",\"url\":\"https:\/\/www.oliorivieraligure.it\/news\/l%e2%80%99oro-giallo-dop-di-liguria-al-salone-del-gusto-di-torino\/\",\"name\":\"L\u2019oro giallo DOP di Liguria al Salone del Gusto di Torino - Consorzio di Tutela Olio DOP Riviera Ligure\",\"isPartOf\":{\"@id\":\"https:\/\/www.oliorivieraligure.it\/#website\"},\"datePublished\":\"2010-10-20T08:39:55+00:00\",\"dateModified\":\"2011-03-16T17:43:09+00:00\",\"breadcrumb\":{\"@id\":\"https:\/\/www.oliorivieraligure.it\/news\/l%e2%80%99oro-giallo-dop-di-liguria-al-salone-del-gusto-di-torino\/#breadcrumb\"},\"inLanguage\":\"en-US\",\"potentialAction\":[{\"@type\":\"ReadAction\",\"target\":[\"https:\/\/www.oliorivieraligure.it\/news\/l%e2%80%99oro-giallo-dop-di-liguria-al-salone-del-gusto-di-torino\/\"]}]},{\"@type\":\"BreadcrumbList\",\"@id\":\"https:\/\/www.oliorivieraligure.it\/news\/l%e2%80%99oro-giallo-dop-di-liguria-al-salone-del-gusto-di-torino\/#breadcrumb\",\"itemListElement\":[{\"@type\":\"ListItem\",\"position\":1,\"name\":\"Home\",\"item\":\"https:\/\/www.oliorivieraligure.it\/\"},{\"@type\":\"ListItem\",\"position\":2,\"name\":\"L\u2019oro giallo DOP di Liguria al Salone del Gusto di Torino\"}]},{\"@type\":\"WebSite\",\"@id\":\"https:\/\/www.oliorivieraligure.it\/#website\",\"url\":\"https:\/\/www.oliorivieraligure.it\/\",\"name\":\"Consorzio di Tutela Olio DOP Riviera Ligure\",\"description\":\"Tutta la nostra passione da sempre. Naturalmente.\",\"publisher\":{\"@id\":\"https:\/\/www.oliorivieraligure.it\/#organization\"},\"potentialAction\":[{\"@type\":\"SearchAction\",\"target\":{\"@type\":\"EntryPoint\",\"urlTemplate\":\"https:\/\/www.oliorivieraligure.it\/?s={search_term_string}\"},\"query-input\":{\"@type\":\"PropertyValueSpecification\",\"valueRequired\":true,\"valueName\":\"search_term_string\"}}],\"inLanguage\":\"en-US\"},{\"@type\":\"Organization\",\"@id\":\"https:\/\/www.oliorivieraligure.it\/#organization\",\"name\":\"Consorzio per la Tutela dell'Olio DOP Riviera Ligure\",\"url\":\"https:\/\/www.oliorivieraligure.it\/\",\"logo\":{\"@type\":\"ImageObject\",\"inLanguage\":\"en-US\",\"@id\":\"https:\/\/www.oliorivieraligure.it\/#\/schema\/logo\/image\/\",\"url\":\"https:\/\/i2.wp.com\/www.oliorivieraligure.it\/wp-content\/uploads\/2016\/11\/logoconsorzio.jpg?fit=1040%2C520&ssl=1\",\"contentUrl\":\"https:\/\/i2.wp.com\/www.oliorivieraligure.it\/wp-content\/uploads\/2016\/11\/logoconsorzio.jpg?fit=1040%2C520&ssl=1\",\"width\":1040,\"height\":520,\"caption\":\"Consorzio per la Tutela dell'Olio DOP Riviera Ligure\"},\"image\":{\"@id\":\"https:\/\/www.oliorivieraligure.it\/#\/schema\/logo\/image\/\"}},{\"@type\":\"Person\",\"@id\":\"https:\/\/www.oliorivieraligure.it\/#\/schema\/person\/fb304d64078abbc0584d65b804ce91c4\",\"name\":\"Webmaster\",\"url\":\"https:\/\/www.oliorivieraligure.it\/en\/author\/admin\/\"}]}<\/script>\n<!-- \/ Yoast SEO plugin. -->","yoast_head_json":{"title":"L\u2019oro giallo DOP di Liguria al Salone del Gusto di Torino - Consorzio di Tutela Olio DOP Riviera Ligure","robots":{"index":"index","follow":"follow","max-snippet":"max-snippet:-1","max-image-preview":"max-image-preview:large","max-video-preview":"max-video-preview:-1"},"canonical":"https:\/\/www.oliorivieraligure.it\/news\/l\u2019oro-giallo-dop-di-liguria-al-salone-del-gusto-di-torino\/","twitter_misc":{"Written by":"Webmaster","Est. reading time":"1 minute"},"schema":{"@context":"https:\/\/schema.org","@graph":[{"@type":"Article","@id":"https:\/\/www.oliorivieraligure.it\/news\/l%e2%80%99oro-giallo-dop-di-liguria-al-salone-del-gusto-di-torino\/#article","isPartOf":{"@id":"https:\/\/www.oliorivieraligure.it\/news\/l%e2%80%99oro-giallo-dop-di-liguria-al-salone-del-gusto-di-torino\/"},"author":{"name":"Webmaster","@id":"https:\/\/www.oliorivieraligure.it\/#\/schema\/person\/fb304d64078abbc0584d65b804ce91c4"},"headline":"L\u2019oro giallo DOP di Liguria al Salone del Gusto di Torino","datePublished":"2010-10-20T08:39:55+00:00","dateModified":"2011-03-16T17:43:09+00:00","mainEntityOfPage":{"@id":"https:\/\/www.oliorivieraligure.it\/news\/l%e2%80%99oro-giallo-dop-di-liguria-al-salone-del-gusto-di-torino\/"},"wordCount":264,"publisher":{"@id":"https:\/\/www.oliorivieraligure.it\/#organization"},"articleSection":["News"],"inLanguage":"en-US"},{"@type":"WebPage","@id":"https:\/\/www.oliorivieraligure.it\/news\/l%e2%80%99oro-giallo-dop-di-liguria-al-salone-del-gusto-di-torino\/","url":"https:\/\/www.oliorivieraligure.it\/news\/l%e2%80%99oro-giallo-dop-di-liguria-al-salone-del-gusto-di-torino\/","name":"L\u2019oro giallo DOP di Liguria al Salone del Gusto di Torino - Consorzio di Tutela Olio DOP Riviera Ligure","isPartOf":{"@id":"https:\/\/www.oliorivieraligure.it\/#website"},"datePublished":"2010-10-20T08:39:55+00:00","dateModified":"2011-03-16T17:43:09+00:00","breadcrumb":{"@id":"https:\/\/www.oliorivieraligure.it\/news\/l%e2%80%99oro-giallo-dop-di-liguria-al-salone-del-gusto-di-torino\/#breadcrumb"},"inLanguage":"en-US","potentialAction":[{"@type":"ReadAction","target":["https:\/\/www.oliorivieraligure.it\/news\/l%e2%80%99oro-giallo-dop-di-liguria-al-salone-del-gusto-di-torino\/"]}]},{"@type":"BreadcrumbList","@id":"https:\/\/www.oliorivieraligure.it\/news\/l%e2%80%99oro-giallo-dop-di-liguria-al-salone-del-gusto-di-torino\/#breadcrumb","itemListElement":[{"@type":"ListItem","position":1,"name":"Home","item":"https:\/\/www.oliorivieraligure.it\/"},{"@type":"ListItem","position":2,"name":"L\u2019oro giallo DOP di Liguria al Salone del Gusto di Torino"}]},{"@type":"WebSite","@id":"https:\/\/www.oliorivieraligure.it\/#website","url":"https:\/\/www.oliorivieraligure.it\/","name":"Consorzio di Tutela Olio DOP Riviera Ligure","description":"Tutta la nostra passione da sempre. Naturalmente.","publisher":{"@id":"https:\/\/www.oliorivieraligure.it\/#organization"},"potentialAction":[{"@type":"SearchAction","target":{"@type":"EntryPoint","urlTemplate":"https:\/\/www.oliorivieraligure.it\/?s={search_term_string}"},"query-input":{"@type":"PropertyValueSpecification","valueRequired":true,"valueName":"search_term_string"}}],"inLanguage":"en-US"},{"@type":"Organization","@id":"https:\/\/www.oliorivieraligure.it\/#organization","name":"Consorzio per la Tutela dell'Olio DOP Riviera Ligure","url":"https:\/\/www.oliorivieraligure.it\/","logo":{"@type":"ImageObject","inLanguage":"en-US","@id":"https:\/\/www.oliorivieraligure.it\/#\/schema\/logo\/image\/","url":"https:\/\/i2.wp.com\/www.oliorivieraligure.it\/wp-content\/uploads\/2016\/11\/logoconsorzio.jpg?fit=1040%2C520&ssl=1","contentUrl":"https:\/\/i2.wp.com\/www.oliorivieraligure.it\/wp-content\/uploads\/2016\/11\/logoconsorzio.jpg?fit=1040%2C520&ssl=1","width":1040,"height":520,"caption":"Consorzio per la Tutela dell'Olio DOP Riviera Ligure"},"image":{"@id":"https:\/\/www.oliorivieraligure.it\/#\/schema\/logo\/image\/"}},{"@type":"Person","@id":"https:\/\/www.oliorivieraligure.it\/#\/schema\/person\/fb304d64078abbc0584d65b804ce91c4","name":"Webmaster","url":"https:\/\/www.oliorivieraligure.it\/en\/author\/admin\/"}]}},"jetpack_publicize_connections":[],"jetpack_featured_media_url":"","jetpack_shortlink":"https:\/\/wp.me\/p1pXCP-52","jetpack_sharing_enabled":true,"_links":{"self":[{"href":"https:\/\/www.oliorivieraligure.it\/en\/wp-json\/wp\/v2\/posts\/312","targetHints":{"allow":["GET"]}}],"collection":[{"href":"https:\/\/www.oliorivieraligure.it\/en\/wp-json\/wp\/v2\/posts"}],"about":[{"href":"https:\/\/www.oliorivieraligure.it\/en\/wp-json\/wp\/v2\/types\/post"}],"author":[{"embeddable":true,"href":"https:\/\/www.oliorivieraligure.it\/en\/wp-json\/wp\/v2\/users\/5"}],"replies":[{"embeddable":true,"href":"https:\/\/www.oliorivieraligure.it\/en\/wp-json\/wp\/v2\/comments?post=312"}],"version-history":[{"count":0,"href":"https:\/\/www.oliorivieraligure.it\/en\/wp-json\/wp\/v2\/posts\/312\/revisions"}],"wp:attachment":[{"href":"https:\/\/www.oliorivieraligure.it\/en\/wp-json\/wp\/v2\/media?parent=312"}],"wp:term":[{"taxonomy":"category","embeddable":true,"href":"https:\/\/www.oliorivieraligure.it\/en\/wp-json\/wp\/v2\/categories?post=312"},{"taxonomy":"post_tag","embeddable":true,"href":"https:\/\/www.oliorivieraligure.it\/en\/wp-json\/wp\/v2\/tags?post=312"}],"curies":[{"name":"wp","href":"https:\/\/api.w.org\/{rel}","templated":true}]}}