{"id":3643,"date":"2015-06-17T11:08:08","date_gmt":"2015-06-17T09:08:08","guid":{"rendered":"https:\/\/www.oliorivieraligure.it\/?p=3643"},"modified":"2015-06-19T09:03:55","modified_gmt":"2015-06-19T07:03:55","slug":"olio-dop-riviera-ligure-in-evidenza-allexpo-di-milano","status":"publish","type":"post","link":"https:\/\/www.oliorivieraligure.it\/en\/news\/olio-dop-riviera-ligure-in-evidenza-allexpo-di-milano\/","title":{"rendered":"Olio DOP Riviera Ligure in evidenza all&#8217;Expo di Milano"},"content":{"rendered":"<p class=\"qtranxs-available-languages-message qtranxs-available-languages-message-en\">Sorry, this entry is only available in <a href=\"https:\/\/www.oliorivieraligure.it\/it\/wp-json\/wp\/v2\/posts\/3643\" class=\"qtranxs-available-language-link qtranxs-available-language-link-it\" title=\"Italiano\">Italiano<\/a>. For the sake of viewer convenience, the content is shown below in the alternative language. You may click the link to switch the active language.<\/p><p>Momento didattico in sede Expo per l\u2019olio extravergine DOP Riviera Ligure. Nel padiglione della Regione Liguria, luned\u00ec 15 giugno, si sono tenuti i due seminari relativi alla conoscenza della DOP Riviera Ligure. Facile anche il passaggio con uno stretto parente, il Basilico Genovese DOP. E i due prodotti insieme vogliono dire \u201cpesto\u201d\u2026una delle salse pi\u00f9 ricercate in Expo. Ormai la partita si gioca a livello mondiale. E cos\u00ec \u00e8 possibile leggere gli interventi seguiti dalla regia del Consorzio per la Tutela dell\u2019Olio DOP Riviera Ligure: autorevole come sempre l\u2019oleologo Luigi Caricato, tecnico Roberto De Andreis capo panel assaggio e fantasioso Augusto Valzelli, chef stellato che dall\u2019area padana si affina ulteriormente nel gusto mediterraneo in quel di Imperia. Ospite tra gli altri anche il presidente della Regione Liguria, il neoeletto Giovanni Toti, che ha rilasciato promettenti dichiarazioni.<\/p>\n<p>In seguito, il padiglione Liguria ha ospitato anche la citt\u00e0 di Imperia con le sue eccellenze: non poteva mandare l&#8217;olio extravergine DOP Riviera Ligure. Ecco un link: <a href=\"http:\/\/www.imperiapost.it\/119985\/expo-2015-e-arrivato-il-grande-giorno-la-citta-di-imperia-in-mostra-al-padiglione-liguriail-servizio-di-imperiapost\">Imperia<\/a><\/p>\n<p><img data-recalc-dims=\"1\" loading=\"lazy\" decoding=\"async\" class=\" size-medium wp-image-3648 alignleft\" src=\"https:\/\/i0.wp.com\/www.oliorivieraligure.it\/wp-content\/uploads\/2015\/06\/A3A72271-300x200.jpg?resize=300%2C200\" alt=\"_A3A7227[1]\" width=\"300\" height=\"200\" srcset=\"https:\/\/i0.wp.com\/www.oliorivieraligure.it\/wp-content\/uploads\/2015\/06\/A3A72271.jpg?resize=300%2C200&amp;ssl=1 300w, https:\/\/i0.wp.com\/www.oliorivieraligure.it\/wp-content\/uploads\/2015\/06\/A3A72271.jpg?resize=570%2C380&amp;ssl=1 570w, https:\/\/i0.wp.com\/www.oliorivieraligure.it\/wp-content\/uploads\/2015\/06\/A3A72271.jpg?resize=270%2C180&amp;ssl=1 270w, https:\/\/i0.wp.com\/www.oliorivieraligure.it\/wp-content\/uploads\/2015\/06\/A3A72271.jpg?resize=210%2C140&amp;ssl=1 210w, https:\/\/i0.wp.com\/www.oliorivieraligure.it\/wp-content\/uploads\/2015\/06\/A3A72271.jpg?resize=150%2C100&amp;ssl=1 150w, https:\/\/i0.wp.com\/www.oliorivieraligure.it\/wp-content\/uploads\/2015\/06\/A3A72271.jpg?resize=800%2C534&amp;ssl=1 800w, https:\/\/i0.wp.com\/www.oliorivieraligure.it\/wp-content\/uploads\/2015\/06\/A3A72271.jpg?w=1000&amp;ssl=1 1000w\" sizes=\"auto, (max-width: 300px) 100vw, 300px\" \/> <img data-recalc-dims=\"1\" loading=\"lazy\" decoding=\"async\" class=\" size-medium wp-image-3649 alignleft\" src=\"https:\/\/i0.wp.com\/www.oliorivieraligure.it\/wp-content\/uploads\/2015\/06\/A3A72631-300x200.jpg?resize=300%2C200\" alt=\"_A3A7263[1]\" width=\"300\" height=\"200\" srcset=\"https:\/\/i0.wp.com\/www.oliorivieraligure.it\/wp-content\/uploads\/2015\/06\/A3A72631.jpg?resize=300%2C200&amp;ssl=1 300w, https:\/\/i0.wp.com\/www.oliorivieraligure.it\/wp-content\/uploads\/2015\/06\/A3A72631.jpg?resize=570%2C380&amp;ssl=1 570w, https:\/\/i0.wp.com\/www.oliorivieraligure.it\/wp-content\/uploads\/2015\/06\/A3A72631.jpg?resize=270%2C180&amp;ssl=1 270w, https:\/\/i0.wp.com\/www.oliorivieraligure.it\/wp-content\/uploads\/2015\/06\/A3A72631.jpg?resize=210%2C140&amp;ssl=1 210w, https:\/\/i0.wp.com\/www.oliorivieraligure.it\/wp-content\/uploads\/2015\/06\/A3A72631.jpg?resize=150%2C100&amp;ssl=1 150w, https:\/\/i0.wp.com\/www.oliorivieraligure.it\/wp-content\/uploads\/2015\/06\/A3A72631.jpg?resize=800%2C534&amp;ssl=1 800w, https:\/\/i0.wp.com\/www.oliorivieraligure.it\/wp-content\/uploads\/2015\/06\/A3A72631.jpg?w=1000&amp;ssl=1 1000w\" sizes=\"auto, (max-width: 300px) 100vw, 300px\" \/> <img data-recalc-dims=\"1\" loading=\"lazy\" decoding=\"async\" class=\" size-medium wp-image-3650 alignleft\" src=\"https:\/\/i0.wp.com\/www.oliorivieraligure.it\/wp-content\/uploads\/2015\/06\/A3A73021-200x300.jpg?resize=200%2C300\" alt=\"_A3A7302[1]\" width=\"200\" height=\"300\" srcset=\"https:\/\/i0.wp.com\/www.oliorivieraligure.it\/wp-content\/uploads\/2015\/06\/A3A73021.jpg?resize=200%2C300&amp;ssl=1 200w, https:\/\/i0.wp.com\/www.oliorivieraligure.it\/wp-content\/uploads\/2015\/06\/A3A73021.jpg?resize=570%2C855&amp;ssl=1 570w, https:\/\/i0.wp.com\/www.oliorivieraligure.it\/wp-content\/uploads\/2015\/06\/A3A73021.jpg?resize=270%2C405&amp;ssl=1 270w, https:\/\/i0.wp.com\/www.oliorivieraligure.it\/wp-content\/uploads\/2015\/06\/A3A73021.jpg?resize=210%2C315&amp;ssl=1 210w, https:\/\/i0.wp.com\/www.oliorivieraligure.it\/wp-content\/uploads\/2015\/06\/A3A73021.jpg?resize=150%2C225&amp;ssl=1 150w, https:\/\/i0.wp.com\/www.oliorivieraligure.it\/wp-content\/uploads\/2015\/06\/A3A73021.jpg?resize=534%2C800&amp;ssl=1 534w, https:\/\/i0.wp.com\/www.oliorivieraligure.it\/wp-content\/uploads\/2015\/06\/A3A73021.jpg?w=667&amp;ssl=1 667w\" sizes=\"auto, (max-width: 200px) 100vw, 200px\" \/> <img data-recalc-dims=\"1\" loading=\"lazy\" decoding=\"async\" class=\" size-medium wp-image-3651 alignleft\" src=\"https:\/\/i0.wp.com\/www.oliorivieraligure.it\/wp-content\/uploads\/2015\/06\/A3A73871-200x300.jpg?resize=200%2C300\" alt=\"_A3A7387[1]\" width=\"200\" height=\"300\" srcset=\"https:\/\/i0.wp.com\/www.oliorivieraligure.it\/wp-content\/uploads\/2015\/06\/A3A73871.jpg?resize=200%2C300&amp;ssl=1 200w, https:\/\/i0.wp.com\/www.oliorivieraligure.it\/wp-content\/uploads\/2015\/06\/A3A73871.jpg?resize=570%2C855&amp;ssl=1 570w, https:\/\/i0.wp.com\/www.oliorivieraligure.it\/wp-content\/uploads\/2015\/06\/A3A73871.jpg?resize=270%2C405&amp;ssl=1 270w, https:\/\/i0.wp.com\/www.oliorivieraligure.it\/wp-content\/uploads\/2015\/06\/A3A73871.jpg?resize=210%2C315&amp;ssl=1 210w, https:\/\/i0.wp.com\/www.oliorivieraligure.it\/wp-content\/uploads\/2015\/06\/A3A73871.jpg?resize=150%2C225&amp;ssl=1 150w, https:\/\/i0.wp.com\/www.oliorivieraligure.it\/wp-content\/uploads\/2015\/06\/A3A73871.jpg?resize=534%2C800&amp;ssl=1 534w, https:\/\/i0.wp.com\/www.oliorivieraligure.it\/wp-content\/uploads\/2015\/06\/A3A73871.jpg?w=667&amp;ssl=1 667w\" sizes=\"auto, (max-width: 200px) 100vw, 200px\" \/> <img data-recalc-dims=\"1\" loading=\"lazy\" decoding=\"async\" class=\" size-medium wp-image-3652 alignleft\" src=\"https:\/\/i0.wp.com\/www.oliorivieraligure.it\/wp-content\/uploads\/2015\/06\/A3A74361-300x200.jpg?resize=300%2C200\" alt=\"_A3A7436[1]\" width=\"300\" height=\"200\" srcset=\"https:\/\/i0.wp.com\/www.oliorivieraligure.it\/wp-content\/uploads\/2015\/06\/A3A74361.jpg?resize=300%2C200&amp;ssl=1 300w, https:\/\/i0.wp.com\/www.oliorivieraligure.it\/wp-content\/uploads\/2015\/06\/A3A74361.jpg?resize=570%2C380&amp;ssl=1 570w, https:\/\/i0.wp.com\/www.oliorivieraligure.it\/wp-content\/uploads\/2015\/06\/A3A74361.jpg?resize=270%2C180&amp;ssl=1 270w, https:\/\/i0.wp.com\/www.oliorivieraligure.it\/wp-content\/uploads\/2015\/06\/A3A74361.jpg?resize=210%2C140&amp;ssl=1 210w, https:\/\/i0.wp.com\/www.oliorivieraligure.it\/wp-content\/uploads\/2015\/06\/A3A74361.jpg?resize=150%2C100&amp;ssl=1 150w, https:\/\/i0.wp.com\/www.oliorivieraligure.it\/wp-content\/uploads\/2015\/06\/A3A74361.jpg?resize=800%2C534&amp;ssl=1 800w, https:\/\/i0.wp.com\/www.oliorivieraligure.it\/wp-content\/uploads\/2015\/06\/A3A74361.jpg?w=1000&amp;ssl=1 1000w\" sizes=\"auto, (max-width: 300px) 100vw, 300px\" \/> <img data-recalc-dims=\"1\" loading=\"lazy\" decoding=\"async\" class=\"aligncenter size-medium wp-image-3653\" src=\"https:\/\/i0.wp.com\/www.oliorivieraligure.it\/wp-content\/uploads\/2015\/06\/A3A76401-300x200.jpg?resize=300%2C200\" alt=\"_A3A7640[1]\" width=\"300\" height=\"200\" srcset=\"https:\/\/i0.wp.com\/www.oliorivieraligure.it\/wp-content\/uploads\/2015\/06\/A3A76401.jpg?resize=300%2C200&amp;ssl=1 300w, https:\/\/i0.wp.com\/www.oliorivieraligure.it\/wp-content\/uploads\/2015\/06\/A3A76401.jpg?resize=570%2C380&amp;ssl=1 570w, https:\/\/i0.wp.com\/www.oliorivieraligure.it\/wp-content\/uploads\/2015\/06\/A3A76401.jpg?resize=270%2C180&amp;ssl=1 270w, https:\/\/i0.wp.com\/www.oliorivieraligure.it\/wp-content\/uploads\/2015\/06\/A3A76401.jpg?resize=210%2C140&amp;ssl=1 210w, https:\/\/i0.wp.com\/www.oliorivieraligure.it\/wp-content\/uploads\/2015\/06\/A3A76401.jpg?resize=150%2C100&amp;ssl=1 150w, https:\/\/i0.wp.com\/www.oliorivieraligure.it\/wp-content\/uploads\/2015\/06\/A3A76401.jpg?resize=800%2C534&amp;ssl=1 800w, https:\/\/i0.wp.com\/www.oliorivieraligure.it\/wp-content\/uploads\/2015\/06\/A3A76401.jpg?w=1000&amp;ssl=1 1000w\" sizes=\"auto, (max-width: 300px) 100vw, 300px\" \/><\/p>\n<p>https:\/\/youtu.be\/mojK14Hjsiw<\/p>","protected":false},"excerpt":{"rendered":"<p>Sorry, this entry is only available in Italiano. For the sake of viewer convenience, the content is shown below in the alternative language. You may click the link to switch the active language.Momento didattico in sede Expo per l\u2019olio extravergine DOP Riviera Ligure. Nel padiglione della Regione Liguria, luned\u00ec 15 giugno, si sono tenuti i [&hellip;]<\/p>\n","protected":false},"author":12,"featured_media":0,"comment_status":"closed","ping_status":"closed","sticky":false,"template":"","format":"standard","meta":{"_genesis_hide_title":false,"_genesis_hide_breadcrumbs":false,"_genesis_hide_singular_image":false,"_genesis_hide_footer_widgets":false,"_genesis_custom_body_class":"","_genesis_custom_post_class":"","_genesis_layout":"","jetpack_post_was_ever_published":false,"_jetpack_newsletter_access":"","_jetpack_dont_email_post_to_subs":false,"_jetpack_newsletter_tier_id":0,"_jetpack_memberships_contains_paywalled_content":false,"_jetpack_memberships_contains_paid_content":false,"footnotes":"","jetpack_publicize_message":"","jetpack_publicize_feature_enabled":true,"jetpack_social_post_already_shared":true,"jetpack_social_options":{"image_generator_settings":{"template":"highway","enabled":false},"version":2}},"categories":[1],"tags":[183,7,79,49],"class_list":{"0":"post-3643","1":"post","2":"type-post","3":"status-publish","4":"format-standard","6":"category-news","7":"tag-expo-2015","8":"tag-olio-dop-riviera-ligure","9":"tag-regione-liguria","10":"tag-sapere-dolio","11":"entry","12":"has-post-thumbnail"},"yoast_head":"<!-- This site is optimized with the Yoast SEO plugin v25.1 - https:\/\/yoast.com\/wordpress\/plugins\/seo\/ -->\n<title>DOP Riviera Ligure Expo<\/title>\n<meta name=\"description\" content=\"Olio DOP Riviera Ligure protagonista ad Expo con tre relatori eccezionali e con un successo notevole per Caricato, De Andreis e Augusto Valzelli chef\" \/>\n<meta name=\"robots\" content=\"index, follow, max-snippet:-1, max-image-preview:large, max-video-preview:-1\" \/>\n<link rel=\"canonical\" href=\"https:\/\/www.oliorivieraligure.it\/news\/olio-dop-riviera-ligure-in-evidenza-allexpo-di-milano\/\" \/>\n<meta name=\"twitter:label1\" content=\"Written by\" \/>\n\t<meta name=\"twitter:data1\" content=\"Alessandro Giacobbe\" \/>\n\t<meta name=\"twitter:label2\" content=\"Est. reading time\" \/>\n\t<meta name=\"twitter:data2\" content=\"1 minute\" \/>\n<script type=\"application\/ld+json\" class=\"yoast-schema-graph\">{\"@context\":\"https:\/\/schema.org\",\"@graph\":[{\"@type\":\"Article\",\"@id\":\"https:\/\/www.oliorivieraligure.it\/news\/olio-dop-riviera-ligure-in-evidenza-allexpo-di-milano\/#article\",\"isPartOf\":{\"@id\":\"https:\/\/www.oliorivieraligure.it\/news\/olio-dop-riviera-ligure-in-evidenza-allexpo-di-milano\/\"},\"author\":{\"name\":\"Alessandro Giacobbe\",\"@id\":\"https:\/\/www.oliorivieraligure.it\/#\/schema\/person\/ea22ed2165681d8668134e18b3802ce7\"},\"headline\":\"Olio DOP Riviera Ligure in evidenza all&#8217;Expo di Milano\",\"datePublished\":\"2015-06-17T09:08:08+00:00\",\"dateModified\":\"2015-06-19T07:03:55+00:00\",\"mainEntityOfPage\":{\"@id\":\"https:\/\/www.oliorivieraligure.it\/news\/olio-dop-riviera-ligure-in-evidenza-allexpo-di-milano\/\"},\"wordCount\":185,\"publisher\":{\"@id\":\"https:\/\/www.oliorivieraligure.it\/#organization\"},\"image\":{\"@id\":\"https:\/\/www.oliorivieraligure.it\/news\/olio-dop-riviera-ligure-in-evidenza-allexpo-di-milano\/#primaryimage\"},\"thumbnailUrl\":\"https:\/\/www.oliorivieraligure.it\/wp-content\/uploads\/2015\/06\/A3A72271-300x200.jpg\",\"keywords\":[\"Expo 2015\",\"Olio Dop Riviera Ligure\",\"Regione Liguria\",\"Sapere d'Olio\"],\"articleSection\":[\"News\"],\"inLanguage\":\"en-US\"},{\"@type\":\"WebPage\",\"@id\":\"https:\/\/www.oliorivieraligure.it\/news\/olio-dop-riviera-ligure-in-evidenza-allexpo-di-milano\/\",\"url\":\"https:\/\/www.oliorivieraligure.it\/news\/olio-dop-riviera-ligure-in-evidenza-allexpo-di-milano\/\",\"name\":\"DOP Riviera Ligure Expo\",\"isPartOf\":{\"@id\":\"https:\/\/www.oliorivieraligure.it\/#website\"},\"primaryImageOfPage\":{\"@id\":\"https:\/\/www.oliorivieraligure.it\/news\/olio-dop-riviera-ligure-in-evidenza-allexpo-di-milano\/#primaryimage\"},\"image\":{\"@id\":\"https:\/\/www.oliorivieraligure.it\/news\/olio-dop-riviera-ligure-in-evidenza-allexpo-di-milano\/#primaryimage\"},\"thumbnailUrl\":\"https:\/\/www.oliorivieraligure.it\/wp-content\/uploads\/2015\/06\/A3A72271-300x200.jpg\",\"datePublished\":\"2015-06-17T09:08:08+00:00\",\"dateModified\":\"2015-06-19T07:03:55+00:00\",\"description\":\"Olio DOP Riviera Ligure protagonista ad Expo con tre relatori eccezionali e con un successo notevole per Caricato, De Andreis e Augusto Valzelli chef\",\"breadcrumb\":{\"@id\":\"https:\/\/www.oliorivieraligure.it\/news\/olio-dop-riviera-ligure-in-evidenza-allexpo-di-milano\/#breadcrumb\"},\"inLanguage\":\"en-US\",\"potentialAction\":[{\"@type\":\"ReadAction\",\"target\":[\"https:\/\/www.oliorivieraligure.it\/news\/olio-dop-riviera-ligure-in-evidenza-allexpo-di-milano\/\"]}]},{\"@type\":\"ImageObject\",\"inLanguage\":\"en-US\",\"@id\":\"https:\/\/www.oliorivieraligure.it\/news\/olio-dop-riviera-ligure-in-evidenza-allexpo-di-milano\/#primaryimage\",\"url\":\"https:\/\/www.oliorivieraligure.it\/wp-content\/uploads\/2015\/06\/A3A72271-300x200.jpg\",\"contentUrl\":\"https:\/\/www.oliorivieraligure.it\/wp-content\/uploads\/2015\/06\/A3A72271-300x200.jpg\"},{\"@type\":\"BreadcrumbList\",\"@id\":\"https:\/\/www.oliorivieraligure.it\/news\/olio-dop-riviera-ligure-in-evidenza-allexpo-di-milano\/#breadcrumb\",\"itemListElement\":[{\"@type\":\"ListItem\",\"position\":1,\"name\":\"Home\",\"item\":\"https:\/\/www.oliorivieraligure.it\/\"},{\"@type\":\"ListItem\",\"position\":2,\"name\":\"Olio DOP Riviera Ligure in evidenza all&#8217;Expo di Milano\"}]},{\"@type\":\"WebSite\",\"@id\":\"https:\/\/www.oliorivieraligure.it\/#website\",\"url\":\"https:\/\/www.oliorivieraligure.it\/\",\"name\":\"Consorzio di Tutela Olio DOP Riviera Ligure\",\"description\":\"Tutta la nostra passione da sempre. Naturalmente.\",\"publisher\":{\"@id\":\"https:\/\/www.oliorivieraligure.it\/#organization\"},\"potentialAction\":[{\"@type\":\"SearchAction\",\"target\":{\"@type\":\"EntryPoint\",\"urlTemplate\":\"https:\/\/www.oliorivieraligure.it\/?s={search_term_string}\"},\"query-input\":{\"@type\":\"PropertyValueSpecification\",\"valueRequired\":true,\"valueName\":\"search_term_string\"}}],\"inLanguage\":\"en-US\"},{\"@type\":\"Organization\",\"@id\":\"https:\/\/www.oliorivieraligure.it\/#organization\",\"name\":\"Consorzio per la Tutela dell'Olio DOP Riviera Ligure\",\"url\":\"https:\/\/www.oliorivieraligure.it\/\",\"logo\":{\"@type\":\"ImageObject\",\"inLanguage\":\"en-US\",\"@id\":\"https:\/\/www.oliorivieraligure.it\/#\/schema\/logo\/image\/\",\"url\":\"https:\/\/i2.wp.com\/www.oliorivieraligure.it\/wp-content\/uploads\/2016\/11\/logoconsorzio.jpg?fit=1040%2C520&ssl=1\",\"contentUrl\":\"https:\/\/i2.wp.com\/www.oliorivieraligure.it\/wp-content\/uploads\/2016\/11\/logoconsorzio.jpg?fit=1040%2C520&ssl=1\",\"width\":1040,\"height\":520,\"caption\":\"Consorzio per la Tutela dell'Olio DOP Riviera Ligure\"},\"image\":{\"@id\":\"https:\/\/www.oliorivieraligure.it\/#\/schema\/logo\/image\/\"}},{\"@type\":\"Person\",\"@id\":\"https:\/\/www.oliorivieraligure.it\/#\/schema\/person\/ea22ed2165681d8668134e18b3802ce7\",\"name\":\"Alessandro Giacobbe\",\"url\":\"https:\/\/www.oliorivieraligure.it\/en\/author\/agiacobbe\/\"}]}<\/script>\n<!-- \/ Yoast SEO plugin. -->","yoast_head_json":{"title":"DOP Riviera Ligure Expo","description":"Olio DOP Riviera Ligure protagonista ad Expo con tre relatori eccezionali e con un successo notevole per Caricato, De Andreis e Augusto Valzelli chef","robots":{"index":"index","follow":"follow","max-snippet":"max-snippet:-1","max-image-preview":"max-image-preview:large","max-video-preview":"max-video-preview:-1"},"canonical":"https:\/\/www.oliorivieraligure.it\/news\/olio-dop-riviera-ligure-in-evidenza-allexpo-di-milano\/","twitter_misc":{"Written by":"Alessandro Giacobbe","Est. reading time":"1 minute"},"schema":{"@context":"https:\/\/schema.org","@graph":[{"@type":"Article","@id":"https:\/\/www.oliorivieraligure.it\/news\/olio-dop-riviera-ligure-in-evidenza-allexpo-di-milano\/#article","isPartOf":{"@id":"https:\/\/www.oliorivieraligure.it\/news\/olio-dop-riviera-ligure-in-evidenza-allexpo-di-milano\/"},"author":{"name":"Alessandro Giacobbe","@id":"https:\/\/www.oliorivieraligure.it\/#\/schema\/person\/ea22ed2165681d8668134e18b3802ce7"},"headline":"Olio DOP Riviera Ligure in evidenza all&#8217;Expo di Milano","datePublished":"2015-06-17T09:08:08+00:00","dateModified":"2015-06-19T07:03:55+00:00","mainEntityOfPage":{"@id":"https:\/\/www.oliorivieraligure.it\/news\/olio-dop-riviera-ligure-in-evidenza-allexpo-di-milano\/"},"wordCount":185,"publisher":{"@id":"https:\/\/www.oliorivieraligure.it\/#organization"},"image":{"@id":"https:\/\/www.oliorivieraligure.it\/news\/olio-dop-riviera-ligure-in-evidenza-allexpo-di-milano\/#primaryimage"},"thumbnailUrl":"https:\/\/www.oliorivieraligure.it\/wp-content\/uploads\/2015\/06\/A3A72271-300x200.jpg","keywords":["Expo 2015","Olio Dop Riviera Ligure","Regione Liguria","Sapere d'Olio"],"articleSection":["News"],"inLanguage":"en-US"},{"@type":"WebPage","@id":"https:\/\/www.oliorivieraligure.it\/news\/olio-dop-riviera-ligure-in-evidenza-allexpo-di-milano\/","url":"https:\/\/www.oliorivieraligure.it\/news\/olio-dop-riviera-ligure-in-evidenza-allexpo-di-milano\/","name":"DOP Riviera Ligure Expo","isPartOf":{"@id":"https:\/\/www.oliorivieraligure.it\/#website"},"primaryImageOfPage":{"@id":"https:\/\/www.oliorivieraligure.it\/news\/olio-dop-riviera-ligure-in-evidenza-allexpo-di-milano\/#primaryimage"},"image":{"@id":"https:\/\/www.oliorivieraligure.it\/news\/olio-dop-riviera-ligure-in-evidenza-allexpo-di-milano\/#primaryimage"},"thumbnailUrl":"https:\/\/www.oliorivieraligure.it\/wp-content\/uploads\/2015\/06\/A3A72271-300x200.jpg","datePublished":"2015-06-17T09:08:08+00:00","dateModified":"2015-06-19T07:03:55+00:00","description":"Olio DOP Riviera Ligure protagonista ad Expo con tre relatori eccezionali e con un successo notevole per Caricato, De Andreis e Augusto Valzelli chef","breadcrumb":{"@id":"https:\/\/www.oliorivieraligure.it\/news\/olio-dop-riviera-ligure-in-evidenza-allexpo-di-milano\/#breadcrumb"},"inLanguage":"en-US","potentialAction":[{"@type":"ReadAction","target":["https:\/\/www.oliorivieraligure.it\/news\/olio-dop-riviera-ligure-in-evidenza-allexpo-di-milano\/"]}]},{"@type":"ImageObject","inLanguage":"en-US","@id":"https:\/\/www.oliorivieraligure.it\/news\/olio-dop-riviera-ligure-in-evidenza-allexpo-di-milano\/#primaryimage","url":"https:\/\/www.oliorivieraligure.it\/wp-content\/uploads\/2015\/06\/A3A72271-300x200.jpg","contentUrl":"https:\/\/www.oliorivieraligure.it\/wp-content\/uploads\/2015\/06\/A3A72271-300x200.jpg"},{"@type":"BreadcrumbList","@id":"https:\/\/www.oliorivieraligure.it\/news\/olio-dop-riviera-ligure-in-evidenza-allexpo-di-milano\/#breadcrumb","itemListElement":[{"@type":"ListItem","position":1,"name":"Home","item":"https:\/\/www.oliorivieraligure.it\/"},{"@type":"ListItem","position":2,"name":"Olio DOP Riviera Ligure in evidenza all&#8217;Expo di Milano"}]},{"@type":"WebSite","@id":"https:\/\/www.oliorivieraligure.it\/#website","url":"https:\/\/www.oliorivieraligure.it\/","name":"Consorzio di Tutela Olio DOP Riviera Ligure","description":"Tutta la nostra passione da sempre. Naturalmente.","publisher":{"@id":"https:\/\/www.oliorivieraligure.it\/#organization"},"potentialAction":[{"@type":"SearchAction","target":{"@type":"EntryPoint","urlTemplate":"https:\/\/www.oliorivieraligure.it\/?s={search_term_string}"},"query-input":{"@type":"PropertyValueSpecification","valueRequired":true,"valueName":"search_term_string"}}],"inLanguage":"en-US"},{"@type":"Organization","@id":"https:\/\/www.oliorivieraligure.it\/#organization","name":"Consorzio per la Tutela dell'Olio DOP Riviera Ligure","url":"https:\/\/www.oliorivieraligure.it\/","logo":{"@type":"ImageObject","inLanguage":"en-US","@id":"https:\/\/www.oliorivieraligure.it\/#\/schema\/logo\/image\/","url":"https:\/\/i2.wp.com\/www.oliorivieraligure.it\/wp-content\/uploads\/2016\/11\/logoconsorzio.jpg?fit=1040%2C520&ssl=1","contentUrl":"https:\/\/i2.wp.com\/www.oliorivieraligure.it\/wp-content\/uploads\/2016\/11\/logoconsorzio.jpg?fit=1040%2C520&ssl=1","width":1040,"height":520,"caption":"Consorzio per la Tutela dell'Olio DOP Riviera Ligure"},"image":{"@id":"https:\/\/www.oliorivieraligure.it\/#\/schema\/logo\/image\/"}},{"@type":"Person","@id":"https:\/\/www.oliorivieraligure.it\/#\/schema\/person\/ea22ed2165681d8668134e18b3802ce7","name":"Alessandro Giacobbe","url":"https:\/\/www.oliorivieraligure.it\/en\/author\/agiacobbe\/"}]}},"jetpack_publicize_connections":[],"jetpack_featured_media_url":"","jetpack_shortlink":"https:\/\/wp.me\/p1pXCP-WL","jetpack_sharing_enabled":true,"_links":{"self":[{"href":"https:\/\/www.oliorivieraligure.it\/en\/wp-json\/wp\/v2\/posts\/3643","targetHints":{"allow":["GET"]}}],"collection":[{"href":"https:\/\/www.oliorivieraligure.it\/en\/wp-json\/wp\/v2\/posts"}],"about":[{"href":"https:\/\/www.oliorivieraligure.it\/en\/wp-json\/wp\/v2\/types\/post"}],"author":[{"embeddable":true,"href":"https:\/\/www.oliorivieraligure.it\/en\/wp-json\/wp\/v2\/users\/12"}],"replies":[{"embeddable":true,"href":"https:\/\/www.oliorivieraligure.it\/en\/wp-json\/wp\/v2\/comments?post=3643"}],"version-history":[{"count":0,"href":"https:\/\/www.oliorivieraligure.it\/en\/wp-json\/wp\/v2\/posts\/3643\/revisions"}],"wp:attachment":[{"href":"https:\/\/www.oliorivieraligure.it\/en\/wp-json\/wp\/v2\/media?parent=3643"}],"wp:term":[{"taxonomy":"category","embeddable":true,"href":"https:\/\/www.oliorivieraligure.it\/en\/wp-json\/wp\/v2\/categories?post=3643"},{"taxonomy":"post_tag","embeddable":true,"href":"https:\/\/www.oliorivieraligure.it\/en\/wp-json\/wp\/v2\/tags?post=3643"}],"curies":[{"name":"wp","href":"https:\/\/api.w.org\/{rel}","templated":true}]}}