{"id":4023,"date":"2016-03-11T10:14:50","date_gmt":"2016-03-11T09:14:50","guid":{"rendered":"https:\/\/www.oliorivieraligure.it\/?p=4023"},"modified":"2016-04-08T08:50:26","modified_gmt":"2016-04-08T06:50:26","slug":"prontuario-per-letichettatura","status":"publish","type":"post","link":"https:\/\/www.oliorivieraligure.it\/en\/olio-notiziario\/prontuario-per-letichettatura\/","title":{"rendered":"Prontuario per l&#8217;etichettatura"},"content":{"rendered":"<p class=\"qtranxs-available-languages-message qtranxs-available-languages-message-en\">Sorry, this entry is only available in <a href=\"https:\/\/www.oliorivieraligure.it\/it\/wp-json\/wp\/v2\/posts\/4023\" class=\"qtranxs-available-language-link qtranxs-available-language-link-it\" title=\"Italiano\">Italiano<\/a>. For the sake of viewer convenience, the content is shown below in the alternative language. You may click the link to switch the active language.<\/p><p>&nbsp;<\/p>\n<p>&nbsp;<\/p>\n<p>&nbsp;<\/p>\n<p>&nbsp;<\/p>\n<p>&nbsp;<\/p>\n<p>&nbsp;<\/p>\n<p>&nbsp;<\/p>\n<p>&nbsp;<\/p>\n<p>&nbsp;<\/p>\n<p>Imperia, 11\/03\/2016<br \/>\nProt. 69<\/p>\n<p>&nbsp;<\/p>\n<p>&nbsp;<\/p>\n<p>Gentili confezionatori,<\/p>\n<p>pensando che possa essere utile si tramette un documento che sintetizza gli obblighi e le disposizioni in materia di etichettatura dell&#8217;olio DOP Riviera Ligure.<br \/>\nCordiali saluti<br \/>\nIl Direttore<br \/>\nGiorgio Lazzaretti<\/p>\n<p>&nbsp;<\/p>\n<p>&nbsp;<\/p>\n<p>&nbsp;<\/p>\n<p>&nbsp;<\/p>\n<p>&nbsp;<\/p>\n<p>&nbsp;<\/p>\n<p>&nbsp;<\/p>\n<p>&nbsp;<\/p>\n<p>&nbsp;<\/p>\n<p>&nbsp;<\/p>\n<p>&nbsp;<\/p>\n<p>&nbsp;<\/p>\n<p>&nbsp;<\/p>\n<p>&nbsp;<\/p>\n<p>&nbsp;<\/p>\n<p>&nbsp;<\/p>\n<p>&nbsp;<\/p>\n<p>&nbsp;<\/p>\n<p>&nbsp;<\/p>\n<p>&nbsp;<\/p>\n<p>&nbsp;<\/p>\n<p>&nbsp;<\/p>\n<p>&nbsp;<\/p>\n<p>&nbsp;<\/p>\n<p>&nbsp;<\/p>\n<p>&nbsp;<\/p>\n<p>&nbsp;<\/p>\n<p><strong>Etichettatura dell&#8217;olio extra vergine di oliva RIVIERA LIGURE DOP<\/strong><\/p>\n<p><strong>\u00a0<\/strong><\/p>\n<p><em>Il confezionatore o il responsabile commerciale deve ricevere dal Consorzio l&#8217;autorizzazione alla stampa<\/em> dell&#8217;etichetta e di ogni altra presentazione del prodotto (pendaglio, imballaggio, documento che accompagna la denominazione di origine protetta) .<\/p>\n<p>&nbsp;<\/p>\n<p><em>Il Consorzio di tutela \u00e8 responsabile unicamente del rispetto di quanto previsto dal disciplinare di produzione.<\/em> Tuttavia nella sua azione informa sulla normativa di riferimento e ne propone il rispetto .<\/p>\n<p>&nbsp;<\/p>\n<p>Qui di seguito vengono riportate le disposizioni del disciplinare di produzione e una bozza di etichetta con le indicazioni obbligatorie e facoltative.<\/p>\n<p>&nbsp;<\/p>\n<p><strong>\u00a0<\/strong><\/p>\n<p><strong>ESTRATTO DEL DISCIPLINARE DI PRODUZIONE DELL&#8217;OLIO DOP RIVIERA LIGURE<\/strong><\/p>\n<p><em>\u00a0<\/em><\/p>\n<p><em>Art. 9 &#8211; Designazione e presentazione<\/em><\/p>\n<p>&nbsp;<\/p>\n<ol>\n<li>Alla denominazione di origine protetta \u00e8 vietata l&#8217;aggiunta di qualsiasi qualificazione non espressamente prevista da presente disciplinare ivi compresi gli aggettivi : &#8220;fine&#8221;, &#8220;scelto&#8221;, &#8220;selezionato&#8221;, &#8221; superiore&#8221;.<\/li>\n<li>E&#8217; consentito l&#8217;uso veritiero di nomi, ragioni sociali, marchi privati purch\u00e9 non abbiano significato laudativo o non siano tali da trarre in inganno il consumatore.<\/li>\n<li>L&#8217;uso di nomi di aziende, tenute, fattorie e loro localizzazione territoriale, \u00e8 consentito solo se il prodotto \u00e8 stato ottenuto esclusivamente con olive raccolte negli oliveti facenti parte dell&#8217;azienda e se l&#8217;oleificazione ed il confezionamento sono avvenuti all&#8217;interno delle zone delimitate dagli art. 3 e 5 comma 1.<\/li>\n<li>Le operazioni di confezionamento dell&#8217;olio extra vergine di oliva a denominazione di origine protetta di cui all&#8217;art. 1 devono avvenire nell&#8217;ambito della zona geografica delimitata al punto 1 dell&#8217;art. 3 e di quanto disposto dall&#8217;art. 5.<\/li>\n<li>Le menzioni geografiche aggiuntive, autorizzate all&#8217;art. 1 del presente disciplinare, devono essere riportate con dimensione non superiore rispetto a quelle dei caratteri con cui viene indicata la denominazione di origine protetta &#8220;Riviera Ligure&#8221;.<\/li>\n<li>L&#8217;uso di altre indicazioni geografiche riferite a comuni, frazioni, tenute, fattorie da cui l&#8217;olio effettivamente deriva deve essere riportato in caratteri non superiori alla met\u00e0 di quelli utilizzati per la designazione della denominazione di origine protetta di cui all&#8217;art. 1.<\/li>\n<li>Il nome della denominazione di origine protetta di cui all&#8217;art. 1 deve figurare in etichetta con caratteri chiari ed indelebili con colorimetria di ampio contrasto rispetto al colore dell\u2019etichetta e tale da poter essere nettamente distinto dal complesso delle indicazioni che compaiono su di essa. La designazione deve altres\u00ec rispettare le norme di etichettatura previste dalla vigente legislazione.<\/li>\n<li>L&#8217;olio extra vergine di oliva a denominazione di origine protetta di cui all&#8217;art. 1 deve essere immesso al consumo in recipienti in vetro di capacit\u00e0 non superiore a litri 5.<\/li>\n<li>E\u2019 obbligatorio indicare in etichetta l\u2019annata di produzione delle olive da cui l\u2019olio \u00e8 ottenuto.<\/li>\n<\/ol>\n<p>&nbsp;<\/p>\n<p>&nbsp;<\/p>\n<p>&nbsp;<\/p>\n<p>&nbsp;<\/p>\n<p>&nbsp;<\/p>\n<p>&nbsp;<\/p>\n<p>&nbsp;<\/p>\n<p><strong>In caso di presenza di due etichette <\/strong><\/p>\n<p><strong>\u00a0<\/strong><\/p>\n<p><strong>Prima Etichetta <\/strong><\/p>\n<p>&nbsp;<\/p>\n<table>\n<tbody>\n<tr>\n<td width=\"206\">Olio Extra Vergine di Oliva<\/p>\n<p>&nbsp;<\/p>\n<p>&nbsp;<\/td>\n<td width=\"482\">Reg. di esecuzione (UE) N. 1335\/2013 \u2013 denominazione dell\u2019alimento<\/p>\n<p>Indicazione obbligatoria che insieme alle altre deve essere riportata sullo stesso campo visivo principale, composto sia dalla stessa etichetta o da diverse etichette apposte sullo stesso recipiente<\/p>\n<p>Deve apparire integralmente ed in un corpo di testo omogeneo.<\/p>\n<p>(Circolare MIPAAF &#8211; ICQRF stessa altezza, stesso carattere e stesso font)<\/td>\n<\/tr>\n<tr>\n<td width=\"206\">RIVIERA LIGURE DOP<\/td>\n<td width=\"482\">Disciplinare di produzione \u2013 Denominazione di origine<\/p>\n<p>Il nome della denominazione di origine protetta deve figurare in etichetta con caratteri chiari ed indelebili con colorimetria di ampio contrasto rispetto al colore dell\u2019etichetta e tale da poter essere nettamente distinto dal complesso delle indicazioni che compaiono su di essa.<\/td>\n<\/tr>\n<tr>\n<td width=\"206\">Riviera dei Fiori o Riviera del Ponente Savonese o Riviera di Levante<\/td>\n<td width=\"482\">Menzione geografica<\/p>\n<p>Deve essere riportata in caratteri non superiori a quelli utilizzati per RIVIERA LIGURE.<\/p>\n<p>&nbsp;<\/td>\n<\/tr>\n<tr>\n<td width=\"206\"><\/td>\n<td width=\"482\">Reg. (UE) N. 1151\/2012<\/p>\n<p>Il simbolo comunitario deve essere associato al prodotto ed il nome del prodotto deve figurare nello stesso campo visivo<\/td>\n<\/tr>\n<tr>\n<td width=\"206\">Reg. (CE) N. 123\/97<\/td>\n<td width=\"482\">Informazione facoltativa. Si tratta del Regolamento comunitario di registrazione dell&#8217;olio DOP RIVIERA LIGURE<\/td>\n<\/tr>\n<tr>\n<td width=\"206\">Capacit\u00e0 del recipiente<\/td>\n<td width=\"482\">Reg. (UE) N. 1169\/2011<\/p>\n<p>Indicazione obbligatoria che deve apparire nello stesso campo visivo. Per i liquidi \u00e8 espressa in litro, centilitro, millilitro<\/p>\n<p>Decreto Ministeriale 5 agosto 1976<\/p>\n<p>Le cifre riguardanti la capacit\u00e0 nominale devono avere altezza minima di 6 mm se relative a valori superiori a 100 cl, di 4 mm per valori tra 100 inclusi e 20 cl esclusi e di 3 mm se relative a valori uguali o inferiori a 20 cl<\/td>\n<\/tr>\n<\/tbody>\n<\/table>\n<p>&nbsp;<\/p>\n<p>In virt\u00f9 delle due normative\u00a0 &#8211; Reg. 29\/2012 e Reg. 1169\/2011 &#8211; nello stesso campo visivo vi devono essere denominazione di vendita, origine e capacit\u00e0.<\/p>\n<p>&nbsp;<\/p>\n<p>&nbsp;<\/p>\n<p>&nbsp;<\/p>\n<p>&nbsp;<\/p>\n<p>&nbsp;<\/p>\n<p>&nbsp;<\/p>\n<p>&nbsp;<\/p>\n<p>&nbsp;<\/p>\n<p>&nbsp;<\/p>\n<p>&nbsp;<\/p>\n<p>&nbsp;<\/p>\n<p>&nbsp;<\/p>\n<p>&nbsp;<\/p>\n<p>&nbsp;<\/p>\n<p>&nbsp;<\/p>\n<p>&nbsp;<\/p>\n<p>&nbsp;<\/p>\n<p>&nbsp;<\/p>\n<p>&nbsp;<\/p>\n<p>&nbsp;<\/p>\n<p>&nbsp;<\/p>\n<p>&nbsp;<\/p>\n<p>&nbsp;<\/p>\n<p>&nbsp;<\/p>\n<p>&nbsp;<\/p>\n<p>&nbsp;<\/p>\n<p>&nbsp;<\/p>\n<p>&nbsp;<\/p>\n<p>&nbsp;<\/p>\n<p>&nbsp;<\/p>\n<p>&nbsp;<\/p>\n<p>&nbsp;<\/p>\n<p>&nbsp;<\/p>\n<p>&nbsp;<\/p>\n<p>&nbsp;<\/p>\n<p>&nbsp;<\/p>\n<p>&nbsp;<\/p>\n<p>&nbsp;<\/p>\n<p>&nbsp;<\/p>\n<p><strong>Seconda etichetta<\/strong><\/p>\n<p><strong>\u00a0<\/strong><\/p>\n<table>\n<tbody>\n<tr>\n<td width=\"168\">Olio Extra Vergine di Oliva<\/p>\n<p>&nbsp;<\/p>\n<p>&nbsp;<\/td>\n<td width=\"520\">Reg. di esecuzione (UE) N. 1335\/2013 Denominazione dell\u2019alimento<\/p>\n<p>Indicazione obbligatoria che insieme alle altre deve essere riportata sullo stesso campo visivo principale, composto sia dalla stessa etichetta o da diverse etichette apposte sullo stesso recipiente<\/p>\n<p>Deve apparire integralmente ed in un corpo di testo omogeneo<\/p>\n<p>(Circolare MIPAAF &#8211; ICQRF stessa altezza, stesso carattere e stesso font)<\/td>\n<\/tr>\n<tr>\n<td width=\"168\">RIVIERA LIGURE DOP<\/td>\n<td width=\"520\">Disciplinare di produzione\u00a0 &#8211; Denominazione di origine<\/p>\n<p>Il nome della denominazione di origine protetta deve figurare in etichetta con caratteri chiari ed indelebili con colorimetria di ampio contrasto rispetto al colore dell\u2019etichetta e tale da poter essere nettamente distinto dal complesso delle indicazioni che compaiono su di essa.<\/td>\n<\/tr>\n<tr>\n<td width=\"168\">Riviera dei Fiori o Riviera del Ponente Savonese o Riviera di Levante<\/td>\n<td width=\"520\">La menzione geografica aggiuntiva deve essere riportata in caratteri non superiori a quelli utilizzati per RIVIERA LIGURE<\/td>\n<\/tr>\n<tr>\n<td width=\"168\"><\/td>\n<td width=\"520\">Reg. (UE) N. 1151\/2012<\/p>\n<p>Il simbolo comunitario deve essere associato al prodotto ed il nome del prodotto deve figurare nello stesso campo visivo<\/td>\n<\/tr>\n<tr>\n<td width=\"168\">Certificato da Autorit\u00e0 Pubblica designata dal MIPAAF<\/td>\n<td width=\"520\">Informazione obbligatoria impartita dal MIPAAF<\/td>\n<\/tr>\n<tr>\n<td width=\"168\">Cultivar \u2026\u2026. o Monocultivar \u2026.<\/td>\n<td width=\"520\">Questa informazione facoltativa, se inserita, non deve avere maggiore evidenza (per altezza, carattere, font) della menzione geografica aggiuntiva<\/td>\n<\/tr>\n<tr>\n<td width=\"168\">Annata xxxx\/xxxx<\/td>\n<td width=\"520\">Disciplinare di produzione &#8211; Informazione obbligatoria<\/td>\n<\/tr>\n<tr>\n<td width=\"168\">Olio d&#8217;oliva di categoria superiore ottenuto direttamente della olive e unicamente mediante procedimenti meccanici<\/td>\n<td width=\"520\">Reg. di esecuzione (UE) N. 1335\/2013<\/p>\n<p>Deve apparire integralmente ed in un corpo di testo omogeneo (Circolare MIPAAF &#8211; ICQRF stessa altezza, stesso carattere e stesso font stessa altezza, stesso carattere e stesso font)<\/td>\n<\/tr>\n<tr>\n<td width=\"168\">Prima spremitura a freddo o\u00a0 Estratto a Freddo<\/td>\n<td width=\"520\">Indicazione facoltativa prevista Reg. (UE) N. 29\/2012<\/p>\n<p>Adempimenti previsti dal Decreto 4 giugno 2004 MIPAAF<\/td>\n<\/tr>\n<tr>\n<td width=\"168\">Caratteristiche organolettiche<\/p>\n<p>&nbsp;<\/p>\n<p>&nbsp;<\/p>\n<p>Acidit\u00e0<\/td>\n<td width=\"520\">Indicazioni facoltative. Sono consentite quelle presenti nel disciplinare di produzione. I termini di cui all&#8217;allegato XII punto 3.3. del Reg. (CEE) N. 2568\/91 possono figurare nell&#8217;etichetta se sono fondati su una valutazione effettuata secondo il metodo previsto dallo stesso regolamento e certificati da un Panel.<\/p>\n<p>L&#8217;indicazione facoltativa dell&#8217;acidit\u00e0 potr\u00e0 figurare se accompagnata dai valori dell&#8217;indice dei perossidi, del tenore in cere e dei valori spettrofotometrici (K232, K270, Delta K). Devono essere certificati da laboratorio accreditato e occorre conservare i risultati delle analisi onde poterli esibire in caso di controlli degli organi di vigilanza.<\/td>\n<\/tr>\n<tr>\n<td width=\"168\">Tabella nutrizionale<\/td>\n<td width=\"520\">Reg. (UE) N. 1169\/2011<\/p>\n<p>Obbligatoria dal 13\/12\/2016. Contiene: &#8211; valore energetico, &#8211; grassi, &#8211; acidi grassi saturi, &#8211; carboidrati, &#8211; zuccheri, &#8211; proteine, &#8211; sale.<\/td>\n<\/tr>\n<tr>\n<td width=\"168\">Responsabile commerciale<\/td>\n<td width=\"520\">Il nome o la ragione sociale e l&#8217;indirizzo del produttore \/ confezionatore \/ venditore della UE<\/td>\n<\/tr>\n<tr>\n<td width=\"168\">Capacit\u00e0 del recipiente<\/td>\n<td width=\"520\">Reg. (UE) N. 1169\/2011<\/p>\n<p>Indicazione obbligatoria che deve apparire nello stesso campo visivo. Per i liquidi \u00e8 espressa in litro, centilitro, millilitro<\/p>\n<p>Decreto Ministeriale 5 agosto 1976<\/p>\n<p>Le cifre riguardanti la capacit\u00e0 nominale devono avere altezza minima di 6 mm se relative a valori superiori a 100 cl, di 4 mm per valori tra 100 inclusi e 20 cl esclusi e di 3 mm se relative a valori uguali o inferiori a 20 cl<\/p>\n<p>&nbsp;<\/p>\n<p>&nbsp;<\/p>\n<p>&nbsp;<\/p>\n<p>La lettera e non \u00e8 obbligatoria ma se utilizzata l&#8217;operatore deve adeguarsi a quanto previsto dalla L 690\/1978. Deve avere un altezza minima di 3 mm e deve essere collocata nello stesso campo visivo del volume nominale<\/td>\n<\/tr>\n<tr>\n<td width=\"168\"><\/td>\n<td width=\"520\"><\/td>\n<\/tr>\n<tr>\n<td width=\"168\">&nbsp;<\/p>\n<p>&nbsp;<\/td>\n<td width=\"520\"><\/td>\n<\/tr>\n<tr>\n<td width=\"168\">Da consumarsi preferibilmente entro il<\/td>\n<td width=\"520\">Reg. UE 1169\/2011 e Legge n. 9\/2013 &#8211; E&#8217; il termine entro il quale l&#8217;olio mantiene le caratteristiche certificate. E&#8217; determinato dal produttore\/confezionatore\/responsabile commerciale ed \u00e8 apposto sotto la sua diretta responsabilit\u00e0. Attualmente non pu\u00f2 superare i 18 mesi dalla data di imbottigliamento<\/td>\n<\/tr>\n<tr>\n<td width=\"168\">Lotto<\/td>\n<td width=\"520\">L codice alfanumerico oppure gg\/mm\/aaaa (= termine minimo di conservazione)<\/td>\n<\/tr>\n<tr>\n<td width=\"168\">Conservare in luogo fresco e asciutto, lontano da fonti di luce e calore<\/td>\n<td width=\"520\">Reg. (UE) N. 1169\/2011<\/p>\n<p>Indicazione obbligatoria riguardante dizioni particolari di conservazione e\/ o di impiego<\/td>\n<\/tr>\n<tr>\n<td width=\"168\"><\/td>\n<td width=\"520\"><\/td>\n<\/tr>\n<\/tbody>\n<\/table>\n<p>&nbsp;<\/p>\n<p>&nbsp;<\/p>\n<p>&nbsp;<\/p>\n<p>&nbsp;<\/p>\n<p>&nbsp;<\/p>\n<p>&nbsp;<\/p>\n<p>&nbsp;<\/p>\n<p>&nbsp;<\/p>\n<p>&nbsp;<\/p>\n<p>&nbsp;<\/p>\n<p>&nbsp;<\/p>\n<p>&nbsp;<\/p>\n<p>&nbsp;<\/p>","protected":false},"excerpt":{"rendered":"<p>Sorry, this entry is only available in Italiano. For the sake of viewer convenience, the content is shown below in the alternative language. You may click the link to switch the active language.&nbsp; &nbsp; &nbsp; &nbsp; &nbsp; &nbsp; &nbsp; &nbsp; &nbsp; Imperia, 11\/03\/2016 Prot. 69 &nbsp; &nbsp; Gentili confezionatori, pensando che possa essere utile si [&hellip;]<\/p>\n","protected":false},"author":12,"featured_media":0,"comment_status":"closed","ping_status":"closed","sticky":false,"template":"","format":"standard","meta":{"_genesis_hide_title":false,"_genesis_hide_breadcrumbs":false,"_genesis_hide_singular_image":false,"_genesis_hide_footer_widgets":false,"_genesis_custom_body_class":"","_genesis_custom_post_class":"","_genesis_layout":"","jetpack_post_was_ever_published":false,"_jetpack_newsletter_access":"","_jetpack_dont_email_post_to_subs":false,"_jetpack_newsletter_tier_id":0,"_jetpack_memberships_contains_paywalled_content":false,"_jetpack_memberships_contains_paid_content":false,"footnotes":"","jetpack_publicize_message":"","jetpack_publicize_feature_enabled":true,"jetpack_social_post_already_shared":true,"jetpack_social_options":{"image_generator_settings":{"template":"highway","enabled":false},"version":2}},"categories":[42],"tags":[7],"class_list":{"0":"post-4023","1":"post","2":"type-post","3":"status-publish","4":"format-standard","6":"category-olio-notiziario","7":"tag-olio-dop-riviera-ligure","8":"entry"},"yoast_head":"<!-- This site is optimized with the Yoast SEO plugin v25.1 - https:\/\/yoast.com\/wordpress\/plugins\/seo\/ -->\n<title><\/title>\n<meta name=\"robots\" content=\"index, follow, max-snippet:-1, max-image-preview:large, max-video-preview:-1\" \/>\n<link rel=\"canonical\" href=\"https:\/\/www.oliorivieraligure.it\/olio-notiziario\/prontuario-per-letichettatura\/\" \/>\n<meta name=\"twitter:label1\" content=\"Written by\" \/>\n\t<meta name=\"twitter:data1\" content=\"Alessandro Giacobbe\" \/>\n\t<meta name=\"twitter:label2\" content=\"Est. reading time\" \/>\n\t<meta name=\"twitter:data2\" content=\"7 minutes\" \/>\n<script type=\"application\/ld+json\" class=\"yoast-schema-graph\">{\"@context\":\"https:\/\/schema.org\",\"@graph\":[{\"@type\":\"Article\",\"@id\":\"https:\/\/www.oliorivieraligure.it\/olio-notiziario\/prontuario-per-letichettatura\/#article\",\"isPartOf\":{\"@id\":\"https:\/\/www.oliorivieraligure.it\/olio-notiziario\/prontuario-per-letichettatura\/\"},\"author\":{\"name\":\"Alessandro Giacobbe\",\"@id\":\"https:\/\/www.oliorivieraligure.it\/#\/schema\/person\/ea22ed2165681d8668134e18b3802ce7\"},\"headline\":\"Prontuario per l&#8217;etichettatura\",\"datePublished\":\"2016-03-11T09:14:50+00:00\",\"dateModified\":\"2016-04-08T06:50:26+00:00\",\"mainEntityOfPage\":{\"@id\":\"https:\/\/www.oliorivieraligure.it\/olio-notiziario\/prontuario-per-letichettatura\/\"},\"wordCount\":1460,\"publisher\":{\"@id\":\"https:\/\/www.oliorivieraligure.it\/#organization\"},\"keywords\":[\"Olio Dop Riviera Ligure\"],\"articleSection\":[\"Oil Bulletin\"],\"inLanguage\":\"en-US\"},{\"@type\":\"WebPage\",\"@id\":\"https:\/\/www.oliorivieraligure.it\/olio-notiziario\/prontuario-per-letichettatura\/\",\"url\":\"https:\/\/www.oliorivieraligure.it\/olio-notiziario\/prontuario-per-letichettatura\/\",\"name\":\"[:it]Prontuario per l'etichettatura [:] - Consorzio di Tutela Olio DOP Riviera Ligure\",\"isPartOf\":{\"@id\":\"https:\/\/www.oliorivieraligure.it\/#website\"},\"datePublished\":\"2016-03-11T09:14:50+00:00\",\"dateModified\":\"2016-04-08T06:50:26+00:00\",\"breadcrumb\":{\"@id\":\"https:\/\/www.oliorivieraligure.it\/olio-notiziario\/prontuario-per-letichettatura\/#breadcrumb\"},\"inLanguage\":\"en-US\",\"potentialAction\":[{\"@type\":\"ReadAction\",\"target\":[\"https:\/\/www.oliorivieraligure.it\/olio-notiziario\/prontuario-per-letichettatura\/\"]}]},{\"@type\":\"BreadcrumbList\",\"@id\":\"https:\/\/www.oliorivieraligure.it\/olio-notiziario\/prontuario-per-letichettatura\/#breadcrumb\",\"itemListElement\":[{\"@type\":\"ListItem\",\"position\":1,\"name\":\"Home\",\"item\":\"https:\/\/www.oliorivieraligure.it\/\"},{\"@type\":\"ListItem\",\"position\":2,\"name\":\"Prontuario per l&#8217;etichettatura\"}]},{\"@type\":\"WebSite\",\"@id\":\"https:\/\/www.oliorivieraligure.it\/#website\",\"url\":\"https:\/\/www.oliorivieraligure.it\/\",\"name\":\"Consorzio di Tutela Olio DOP Riviera Ligure\",\"description\":\"Tutta la nostra passione da sempre. Naturalmente.\",\"publisher\":{\"@id\":\"https:\/\/www.oliorivieraligure.it\/#organization\"},\"potentialAction\":[{\"@type\":\"SearchAction\",\"target\":{\"@type\":\"EntryPoint\",\"urlTemplate\":\"https:\/\/www.oliorivieraligure.it\/?s={search_term_string}\"},\"query-input\":{\"@type\":\"PropertyValueSpecification\",\"valueRequired\":true,\"valueName\":\"search_term_string\"}}],\"inLanguage\":\"en-US\"},{\"@type\":\"Organization\",\"@id\":\"https:\/\/www.oliorivieraligure.it\/#organization\",\"name\":\"Consorzio per la Tutela dell'Olio DOP Riviera Ligure\",\"url\":\"https:\/\/www.oliorivieraligure.it\/\",\"logo\":{\"@type\":\"ImageObject\",\"inLanguage\":\"en-US\",\"@id\":\"https:\/\/www.oliorivieraligure.it\/#\/schema\/logo\/image\/\",\"url\":\"https:\/\/i2.wp.com\/www.oliorivieraligure.it\/wp-content\/uploads\/2016\/11\/logoconsorzio.jpg?fit=1040%2C520&ssl=1\",\"contentUrl\":\"https:\/\/i2.wp.com\/www.oliorivieraligure.it\/wp-content\/uploads\/2016\/11\/logoconsorzio.jpg?fit=1040%2C520&ssl=1\",\"width\":1040,\"height\":520,\"caption\":\"Consorzio per la Tutela dell'Olio DOP Riviera Ligure\"},\"image\":{\"@id\":\"https:\/\/www.oliorivieraligure.it\/#\/schema\/logo\/image\/\"}},{\"@type\":\"Person\",\"@id\":\"https:\/\/www.oliorivieraligure.it\/#\/schema\/person\/ea22ed2165681d8668134e18b3802ce7\",\"name\":\"Alessandro Giacobbe\",\"url\":\"https:\/\/www.oliorivieraligure.it\/en\/author\/agiacobbe\/\"}]}<\/script>\n<!-- \/ Yoast SEO plugin. -->","yoast_head_json":{"title":"[:it]Prontuario per l'etichettatura [:] - Consorzio di Tutela Olio DOP Riviera Ligure","robots":{"index":"index","follow":"follow","max-snippet":"max-snippet:-1","max-image-preview":"max-image-preview:large","max-video-preview":"max-video-preview:-1"},"canonical":"https:\/\/www.oliorivieraligure.it\/olio-notiziario\/prontuario-per-letichettatura\/","twitter_misc":{"Written by":"Alessandro Giacobbe","Est. reading time":"7 minutes"},"schema":{"@context":"https:\/\/schema.org","@graph":[{"@type":"Article","@id":"https:\/\/www.oliorivieraligure.it\/olio-notiziario\/prontuario-per-letichettatura\/#article","isPartOf":{"@id":"https:\/\/www.oliorivieraligure.it\/olio-notiziario\/prontuario-per-letichettatura\/"},"author":{"name":"Alessandro Giacobbe","@id":"https:\/\/www.oliorivieraligure.it\/#\/schema\/person\/ea22ed2165681d8668134e18b3802ce7"},"headline":"Prontuario per l&#8217;etichettatura","datePublished":"2016-03-11T09:14:50+00:00","dateModified":"2016-04-08T06:50:26+00:00","mainEntityOfPage":{"@id":"https:\/\/www.oliorivieraligure.it\/olio-notiziario\/prontuario-per-letichettatura\/"},"wordCount":1460,"publisher":{"@id":"https:\/\/www.oliorivieraligure.it\/#organization"},"keywords":["Olio Dop Riviera Ligure"],"articleSection":["Oil Bulletin"],"inLanguage":"en-US"},{"@type":"WebPage","@id":"https:\/\/www.oliorivieraligure.it\/olio-notiziario\/prontuario-per-letichettatura\/","url":"https:\/\/www.oliorivieraligure.it\/olio-notiziario\/prontuario-per-letichettatura\/","name":"[:it]Prontuario per l'etichettatura [:] - Consorzio di Tutela Olio DOP Riviera Ligure","isPartOf":{"@id":"https:\/\/www.oliorivieraligure.it\/#website"},"datePublished":"2016-03-11T09:14:50+00:00","dateModified":"2016-04-08T06:50:26+00:00","breadcrumb":{"@id":"https:\/\/www.oliorivieraligure.it\/olio-notiziario\/prontuario-per-letichettatura\/#breadcrumb"},"inLanguage":"en-US","potentialAction":[{"@type":"ReadAction","target":["https:\/\/www.oliorivieraligure.it\/olio-notiziario\/prontuario-per-letichettatura\/"]}]},{"@type":"BreadcrumbList","@id":"https:\/\/www.oliorivieraligure.it\/olio-notiziario\/prontuario-per-letichettatura\/#breadcrumb","itemListElement":[{"@type":"ListItem","position":1,"name":"Home","item":"https:\/\/www.oliorivieraligure.it\/"},{"@type":"ListItem","position":2,"name":"Prontuario per l&#8217;etichettatura"}]},{"@type":"WebSite","@id":"https:\/\/www.oliorivieraligure.it\/#website","url":"https:\/\/www.oliorivieraligure.it\/","name":"Consorzio di Tutela Olio DOP Riviera Ligure","description":"Tutta la nostra passione da sempre. Naturalmente.","publisher":{"@id":"https:\/\/www.oliorivieraligure.it\/#organization"},"potentialAction":[{"@type":"SearchAction","target":{"@type":"EntryPoint","urlTemplate":"https:\/\/www.oliorivieraligure.it\/?s={search_term_string}"},"query-input":{"@type":"PropertyValueSpecification","valueRequired":true,"valueName":"search_term_string"}}],"inLanguage":"en-US"},{"@type":"Organization","@id":"https:\/\/www.oliorivieraligure.it\/#organization","name":"Consorzio per la Tutela dell'Olio DOP Riviera Ligure","url":"https:\/\/www.oliorivieraligure.it\/","logo":{"@type":"ImageObject","inLanguage":"en-US","@id":"https:\/\/www.oliorivieraligure.it\/#\/schema\/logo\/image\/","url":"https:\/\/i2.wp.com\/www.oliorivieraligure.it\/wp-content\/uploads\/2016\/11\/logoconsorzio.jpg?fit=1040%2C520&ssl=1","contentUrl":"https:\/\/i2.wp.com\/www.oliorivieraligure.it\/wp-content\/uploads\/2016\/11\/logoconsorzio.jpg?fit=1040%2C520&ssl=1","width":1040,"height":520,"caption":"Consorzio per la Tutela dell'Olio DOP Riviera Ligure"},"image":{"@id":"https:\/\/www.oliorivieraligure.it\/#\/schema\/logo\/image\/"}},{"@type":"Person","@id":"https:\/\/www.oliorivieraligure.it\/#\/schema\/person\/ea22ed2165681d8668134e18b3802ce7","name":"Alessandro Giacobbe","url":"https:\/\/www.oliorivieraligure.it\/en\/author\/agiacobbe\/"}]}},"jetpack_publicize_connections":[],"jetpack_featured_media_url":"","jetpack_shortlink":"https:\/\/wp.me\/p1pXCP-12T","jetpack_sharing_enabled":true,"_links":{"self":[{"href":"https:\/\/www.oliorivieraligure.it\/en\/wp-json\/wp\/v2\/posts\/4023","targetHints":{"allow":["GET"]}}],"collection":[{"href":"https:\/\/www.oliorivieraligure.it\/en\/wp-json\/wp\/v2\/posts"}],"about":[{"href":"https:\/\/www.oliorivieraligure.it\/en\/wp-json\/wp\/v2\/types\/post"}],"author":[{"embeddable":true,"href":"https:\/\/www.oliorivieraligure.it\/en\/wp-json\/wp\/v2\/users\/12"}],"replies":[{"embeddable":true,"href":"https:\/\/www.oliorivieraligure.it\/en\/wp-json\/wp\/v2\/comments?post=4023"}],"version-history":[{"count":0,"href":"https:\/\/www.oliorivieraligure.it\/en\/wp-json\/wp\/v2\/posts\/4023\/revisions"}],"wp:attachment":[{"href":"https:\/\/www.oliorivieraligure.it\/en\/wp-json\/wp\/v2\/media?parent=4023"}],"wp:term":[{"taxonomy":"category","embeddable":true,"href":"https:\/\/www.oliorivieraligure.it\/en\/wp-json\/wp\/v2\/categories?post=4023"},{"taxonomy":"post_tag","embeddable":true,"href":"https:\/\/www.oliorivieraligure.it\/en\/wp-json\/wp\/v2\/tags?post=4023"}],"curies":[{"name":"wp","href":"https:\/\/api.w.org\/{rel}","templated":true}]}}