{"id":7090,"date":"2022-08-02T13:07:03","date_gmt":"2022-08-02T11:07:03","guid":{"rendered":"https:\/\/www.oliorivieraligure.it\/?p=7090"},"modified":"2022-08-02T13:07:03","modified_gmt":"2022-08-02T11:07:03","slug":"la-fiera-di-u-turismo-campagnolu-in-corsica","status":"publish","type":"post","link":"https:\/\/www.oliorivieraligure.it\/en\/news\/la-fiera-di-u-turismo-campagnolu-in-corsica\/","title":{"rendered":"La Fiera di U Turismo Campagnolu in Corsica"},"content":{"rendered":"<p class=\"qtranxs-available-languages-message qtranxs-available-languages-message-en\">Sorry, this entry is only available in <a href=\"https:\/\/www.oliorivieraligure.it\/it\/wp-json\/wp\/v2\/posts\/7090\" class=\"qtranxs-available-language-link qtranxs-available-language-link-it\" title=\"Italiano\">Italiano<\/a>. For the sake of viewer convenience, the content is shown below in the alternative language. You may click the link to switch the active language.<\/p><p>&nbsp;<\/p>\n<p>Un momento di confronto sui prodotti territoriali con la partecipazione del Consorzio del Consorzio di Tutela dell\u2019Olio Extravergine di Oliva Riviera Ligure DOP<\/p>\n<p>&nbsp;<\/p>\n<p>Il 5 agosto \u00e8 in pieno svolgimento la Fiera di U Turismo Campagnolu in quel di Filitosa. Un appuntamento fisso da pi\u00f9 di 30 anni per il comprensorio della costa sud occidentale c\u00f2rsa, zona ricca di attrazioni naturalistiche, etnografiche e soprattutto archeologiche.<\/p>\n<p>Nel corso del tempo si \u00e8 manifestata la validit\u00e0 di una proposta: produzioni e artigianato territoriali sono motori del turismo rurale, collegato al patrimonio dei luoghi<\/p>\n<p>Per questo pi\u00f9 regioni europee si confrontano mettendo a fattor comune le loro esperienze. \u00a0Il 5 agosto, a partire dalle 9.30, si terr\u00e0 un momento di confronto molto articolato in cui terr\u00e0 un confronto fra le tante iniziative legate al turismo territoriale dalla Corsica a pi\u00f9 regioni mediterranee o fortemente comprese nella loro identit\u00e0.<\/p>\n<p>Il seminario vuole approfondire proprio i concetti di turismo sostenibile e multifunzionale, attraverso le strade di prodotto, le scuole di sviluppo rurale, l\u2019analisi dei risultati, onde comprendere ove aggiornarsi, ove migliorare.<\/p>\n<p>Partecipano rappresentanti di vari luoghi ed enti facenti riferimento alle regioni della Corsica, della Toscana, della Sardegna, della Liguria, della Catalogna, dei Paesi Baschi e del B\u00e8arn, della Borgogna, dell\u2019Alsazia.<\/p>\n<p>Il Consorzio di Tutela dell\u2019Olio Extravergine di Oliva Riviera Ligure DOP presenter\u00e0 l\u2019esperienza di Oliveti Aperti: nascita, necessit\u00e0, oleoturismo, progetti futuri. Piace notare come ci siano voci che \u00a0sostengono aspetti della cultura olearia storica sui territori, non ultima la transumanza. In tal senso il Consorzio Riviera Ligure DOP avverte una forte necessit\u00e0 di partecipazione proprio in relazione al forte collegamento tra prodotto e territorio. La testimonianza \u00e8 volta a far comprendere il peso di un turismo consapevole, esperienziale, collegata ad un prodotto di eccellenza la cui origine \u00e8 certificata e garantita rispetto ad un territorio che viene cos\u00ec presidiato e mantenuto.<\/p>\n<p>Si parla sempre e comunque di spazi rurali e pastorali, cos\u00ec come di mare, attraverso il pescaturismo. Spazi che rischiano abbandoni e scarsa cura in rapporto alla perdita di chi vi abita, lavora e produce. Eppure luoghi bellissimi, spesso sconosciuti, accomunati da splendide espressioni di benvenuto e di suggestione.<\/p>\n<p><em>Pace e salute, una abra\u00e7ada a tots, b\u00f2na a vui, l\u2019encantada, aj\u00f2, agurtzen zaitut, salut les copains, \u00a0mi garba&#8230; <\/em><\/p>\n<p>Il programma<\/p>\n\n\t\t<style type=\"text\/css\">\n\t\t\t#gallery-1 {\n\t\t\t\tmargin: auto;\n\t\t\t}\n\t\t\t#gallery-1 .gallery-item {\n\t\t\t\tfloat: left;\n\t\t\t\tmargin-top: 10px;\n\t\t\t\ttext-align: center;\n\t\t\t\twidth: 33%;\n\t\t\t}\n\t\t\t#gallery-1 img {\n\t\t\t\tborder: 2px solid #cfcfcf;\n\t\t\t}\n\t\t\t#gallery-1 .gallery-caption {\n\t\t\t\tmargin-left: 0;\n\t\t\t}\n\t\t\t\/* see gallery_shortcode() in wp-includes\/media.php *\/\n\t\t<\/style>\n\t\t<div id='gallery-1' class='gallery galleryid-7090 gallery-columns-3 gallery-size-thumbnail'><dl class='gallery-item'>\n\t\t\t<dt class='gallery-icon landscape'>\n\t\t\t\t<a href='https:\/\/www.oliorivieraligure.it\/en\/news\/la-fiera-di-u-turismo-campagnolu-in-corsica\/attachment\/programe-journee-pros1petite\/'><img loading=\"lazy\" decoding=\"async\" width=\"150\" height=\"150\" src=\"https:\/\/i0.wp.com\/www.oliorivieraligure.it\/wp-content\/uploads\/2022\/08\/programe-journee-pros1petite.jpg?resize=150%2C150&amp;ssl=1\" class=\"attachment-thumbnail size-thumbnail\" alt=\"\" srcset=\"https:\/\/i0.wp.com\/www.oliorivieraligure.it\/wp-content\/uploads\/2022\/08\/programe-journee-pros1petite.jpg?resize=150%2C150&amp;ssl=1 150w, https:\/\/i0.wp.com\/www.oliorivieraligure.it\/wp-content\/uploads\/2022\/08\/programe-journee-pros1petite.jpg?zoom=2&amp;resize=150%2C150&amp;ssl=1 300w, https:\/\/i0.wp.com\/www.oliorivieraligure.it\/wp-content\/uploads\/2022\/08\/programe-journee-pros1petite.jpg?zoom=3&amp;resize=150%2C150&amp;ssl=1 450w\" sizes=\"auto, (max-width: 150px) 100vw, 150px\" \/><\/a>\n\t\t\t<\/dt><\/dl><dl class='gallery-item'>\n\t\t\t<dt class='gallery-icon landscape'>\n\t\t\t\t<a href='https:\/\/www.oliorivieraligure.it\/en\/news\/la-fiera-di-u-turismo-campagnolu-in-corsica\/attachment\/programe-journee-pros2petite\/'><img loading=\"lazy\" decoding=\"async\" width=\"150\" height=\"150\" src=\"https:\/\/i0.wp.com\/www.oliorivieraligure.it\/wp-content\/uploads\/2022\/08\/programe-journee-pros2petite.jpg?resize=150%2C150&amp;ssl=1\" class=\"attachment-thumbnail size-thumbnail\" alt=\"\" srcset=\"https:\/\/i0.wp.com\/www.oliorivieraligure.it\/wp-content\/uploads\/2022\/08\/programe-journee-pros2petite.jpg?resize=150%2C150&amp;ssl=1 150w, https:\/\/i0.wp.com\/www.oliorivieraligure.it\/wp-content\/uploads\/2022\/08\/programe-journee-pros2petite.jpg?zoom=2&amp;resize=150%2C150&amp;ssl=1 300w, https:\/\/i0.wp.com\/www.oliorivieraligure.it\/wp-content\/uploads\/2022\/08\/programe-journee-pros2petite.jpg?zoom=3&amp;resize=150%2C150&amp;ssl=1 450w\" sizes=\"auto, (max-width: 150px) 100vw, 150px\" \/><\/a>\n\t\t\t<\/dt><\/dl>\n\t\t\t<br style='clear: both' \/>\n\t\t<\/div>\n\n<p>&nbsp;<\/p>\n<p>&nbsp;<\/p>\n<p><em>\u00a0<\/em><\/p>","protected":false},"excerpt":{"rendered":"<p>Sorry, this entry is only available in Italiano. For the sake of viewer convenience, the content is shown below in the alternative language. You may click the link to switch the active language.&nbsp; Un momento di confronto sui prodotti territoriali con la partecipazione del Consorzio del Consorzio di Tutela dell\u2019Olio Extravergine di Oliva Riviera Ligure [&hellip;]<\/p>\n","protected":false},"author":12,"featured_media":7091,"comment_status":"closed","ping_status":"closed","sticky":false,"template":"","format":"standard","meta":{"_genesis_hide_title":false,"_genesis_hide_breadcrumbs":false,"_genesis_hide_singular_image":false,"_genesis_hide_footer_widgets":false,"_genesis_custom_body_class":"","_genesis_custom_post_class":"","_genesis_layout":"","jetpack_post_was_ever_published":false,"_jetpack_newsletter_access":"","_jetpack_dont_email_post_to_subs":false,"_jetpack_newsletter_tier_id":0,"_jetpack_memberships_contains_paywalled_content":false,"_jetpack_memberships_contains_paid_content":false,"footnotes":"","jetpack_publicize_message":"","jetpack_publicize_feature_enabled":true,"jetpack_social_post_already_shared":true,"jetpack_social_options":{"image_generator_settings":{"template":"highway","enabled":false},"version":2}},"categories":[1],"tags":[359,895,896,897,898,901,893,894,792,899,900],"class_list":{"0":"post-7090","1":"post","2":"type-post","3":"status-publish","4":"format-standard","5":"has-post-thumbnail","7":"category-news","8":"tag-oliodoprivieraligure","9":"tag-alsace","10":"tag-bearn","11":"tag-catalunya","12":"tag-corsica","13":"tag-euskadi","14":"tag-fiera-di-un-turismo-campagnolu","15":"tag-filitosa","16":"tag-odarc-ufficio-di-sviluppo-agricolo-e-rurale-della-corsica","17":"tag-sardegna","18":"tag-toscana","19":"entry"},"yoast_head":"<!-- This site is optimized with the Yoast SEO plugin v25.1 - https:\/\/yoast.com\/wordpress\/plugins\/seo\/ -->\n<title><\/title>\n<meta name=\"description\" content=\"Fiera di u turismu campagnolu Filitosa 5 agosto turismoo sostenibile e multifunzionale Liguria Sardegna Corsica Toscana Euskadi Catalunya #oliod\" \/>\n<meta name=\"robots\" content=\"index, follow, max-snippet:-1, max-image-preview:large, max-video-preview:-1\" \/>\n<link rel=\"canonical\" href=\"https:\/\/www.oliorivieraligure.it\/news\/la-fiera-di-u-turismo-campagnolu-in-corsica\/\" \/>\n<meta name=\"twitter:label1\" content=\"Written by\" \/>\n\t<meta name=\"twitter:data1\" content=\"Alessandro Giacobbe\" \/>\n\t<meta name=\"twitter:label2\" content=\"Est. reading time\" \/>\n\t<meta name=\"twitter:data2\" content=\"3 minutes\" \/>\n<script type=\"application\/ld+json\" class=\"yoast-schema-graph\">{\"@context\":\"https:\/\/schema.org\",\"@graph\":[{\"@type\":\"Article\",\"@id\":\"https:\/\/www.oliorivieraligure.it\/news\/la-fiera-di-u-turismo-campagnolu-in-corsica\/#article\",\"isPartOf\":{\"@id\":\"https:\/\/www.oliorivieraligure.it\/news\/la-fiera-di-u-turismo-campagnolu-in-corsica\/\"},\"author\":{\"name\":\"Alessandro Giacobbe\",\"@id\":\"https:\/\/www.oliorivieraligure.it\/#\/schema\/person\/ea22ed2165681d8668134e18b3802ce7\"},\"headline\":\"La Fiera di U Turismo Campagnolu in Corsica\",\"datePublished\":\"2022-08-02T11:07:03+00:00\",\"mainEntityOfPage\":{\"@id\":\"https:\/\/www.oliorivieraligure.it\/news\/la-fiera-di-u-turismo-campagnolu-in-corsica\/\"},\"wordCount\":395,\"publisher\":{\"@id\":\"https:\/\/www.oliorivieraligure.it\/#organization\"},\"image\":{\"@id\":\"https:\/\/www.oliorivieraligure.it\/news\/la-fiera-di-u-turismo-campagnolu-in-corsica\/#primaryimage\"},\"thumbnailUrl\":\"https:\/\/i0.wp.com\/www.oliorivieraligure.it\/wp-content\/uploads\/2022\/08\/Frontespizio.jpg?fit=870%2C1235&ssl=1\",\"keywords\":[\"#oliodoprivieraligure\",\"Alsace\",\"B\u00e8arn\",\"Catalunya\",\"Corsica\",\"Euskadi\",\"Fiera di un turismo campagnolu\",\"Filitosa\",\"ODARC (Ufficio di sviluppo agricolo e rurale della Corsica)\",\"Sardegna\",\"Toscana\"],\"articleSection\":[\"News\"],\"inLanguage\":\"en-US\"},{\"@type\":\"WebPage\",\"@id\":\"https:\/\/www.oliorivieraligure.it\/news\/la-fiera-di-u-turismo-campagnolu-in-corsica\/\",\"url\":\"https:\/\/www.oliorivieraligure.it\/news\/la-fiera-di-u-turismo-campagnolu-in-corsica\/\",\"name\":\"[:it]La Fiera di U Turismo Campagnolu in Corsica[:] - Consorzio di Tutela Olio DOP Riviera Ligure\",\"isPartOf\":{\"@id\":\"https:\/\/www.oliorivieraligure.it\/#website\"},\"primaryImageOfPage\":{\"@id\":\"https:\/\/www.oliorivieraligure.it\/news\/la-fiera-di-u-turismo-campagnolu-in-corsica\/#primaryimage\"},\"image\":{\"@id\":\"https:\/\/www.oliorivieraligure.it\/news\/la-fiera-di-u-turismo-campagnolu-in-corsica\/#primaryimage\"},\"thumbnailUrl\":\"https:\/\/i0.wp.com\/www.oliorivieraligure.it\/wp-content\/uploads\/2022\/08\/Frontespizio.jpg?fit=870%2C1235&ssl=1\",\"datePublished\":\"2022-08-02T11:07:03+00:00\",\"description\":\"Fiera di u turismu campagnolu Filitosa 5 agosto turismoo sostenibile e multifunzionale Liguria Sardegna Corsica Toscana Euskadi Catalunya #oliod\",\"breadcrumb\":{\"@id\":\"https:\/\/www.oliorivieraligure.it\/news\/la-fiera-di-u-turismo-campagnolu-in-corsica\/#breadcrumb\"},\"inLanguage\":\"en-US\",\"potentialAction\":[{\"@type\":\"ReadAction\",\"target\":[\"https:\/\/www.oliorivieraligure.it\/news\/la-fiera-di-u-turismo-campagnolu-in-corsica\/\"]}]},{\"@type\":\"ImageObject\",\"inLanguage\":\"en-US\",\"@id\":\"https:\/\/www.oliorivieraligure.it\/news\/la-fiera-di-u-turismo-campagnolu-in-corsica\/#primaryimage\",\"url\":\"https:\/\/i0.wp.com\/www.oliorivieraligure.it\/wp-content\/uploads\/2022\/08\/Frontespizio.jpg?fit=870%2C1235&ssl=1\",\"contentUrl\":\"https:\/\/i0.wp.com\/www.oliorivieraligure.it\/wp-content\/uploads\/2022\/08\/Frontespizio.jpg?fit=870%2C1235&ssl=1\",\"width\":870,\"height\":1235},{\"@type\":\"BreadcrumbList\",\"@id\":\"https:\/\/www.oliorivieraligure.it\/news\/la-fiera-di-u-turismo-campagnolu-in-corsica\/#breadcrumb\",\"itemListElement\":[{\"@type\":\"ListItem\",\"position\":1,\"name\":\"Home\",\"item\":\"https:\/\/www.oliorivieraligure.it\/\"},{\"@type\":\"ListItem\",\"position\":2,\"name\":\"La Fiera di U Turismo Campagnolu in Corsica\"}]},{\"@type\":\"WebSite\",\"@id\":\"https:\/\/www.oliorivieraligure.it\/#website\",\"url\":\"https:\/\/www.oliorivieraligure.it\/\",\"name\":\"Consorzio di Tutela Olio DOP Riviera Ligure\",\"description\":\"Tutta la nostra passione da sempre. Naturalmente.\",\"publisher\":{\"@id\":\"https:\/\/www.oliorivieraligure.it\/#organization\"},\"potentialAction\":[{\"@type\":\"SearchAction\",\"target\":{\"@type\":\"EntryPoint\",\"urlTemplate\":\"https:\/\/www.oliorivieraligure.it\/?s={search_term_string}\"},\"query-input\":{\"@type\":\"PropertyValueSpecification\",\"valueRequired\":true,\"valueName\":\"search_term_string\"}}],\"inLanguage\":\"en-US\"},{\"@type\":\"Organization\",\"@id\":\"https:\/\/www.oliorivieraligure.it\/#organization\",\"name\":\"Consorzio per la Tutela dell'Olio DOP Riviera Ligure\",\"url\":\"https:\/\/www.oliorivieraligure.it\/\",\"logo\":{\"@type\":\"ImageObject\",\"inLanguage\":\"en-US\",\"@id\":\"https:\/\/www.oliorivieraligure.it\/#\/schema\/logo\/image\/\",\"url\":\"https:\/\/i2.wp.com\/www.oliorivieraligure.it\/wp-content\/uploads\/2016\/11\/logoconsorzio.jpg?fit=1040%2C520&ssl=1\",\"contentUrl\":\"https:\/\/i2.wp.com\/www.oliorivieraligure.it\/wp-content\/uploads\/2016\/11\/logoconsorzio.jpg?fit=1040%2C520&ssl=1\",\"width\":1040,\"height\":520,\"caption\":\"Consorzio per la Tutela dell'Olio DOP Riviera Ligure\"},\"image\":{\"@id\":\"https:\/\/www.oliorivieraligure.it\/#\/schema\/logo\/image\/\"}},{\"@type\":\"Person\",\"@id\":\"https:\/\/www.oliorivieraligure.it\/#\/schema\/person\/ea22ed2165681d8668134e18b3802ce7\",\"name\":\"Alessandro Giacobbe\",\"url\":\"https:\/\/www.oliorivieraligure.it\/en\/author\/agiacobbe\/\"}]}<\/script>\n<!-- \/ Yoast SEO plugin. -->","yoast_head_json":{"title":"[:it]La Fiera di U Turismo Campagnolu in Corsica[:] - Consorzio di Tutela Olio DOP Riviera Ligure","description":"Fiera di u turismu campagnolu Filitosa 5 agosto turismoo sostenibile e multifunzionale Liguria Sardegna Corsica Toscana Euskadi Catalunya #oliod","robots":{"index":"index","follow":"follow","max-snippet":"max-snippet:-1","max-image-preview":"max-image-preview:large","max-video-preview":"max-video-preview:-1"},"canonical":"https:\/\/www.oliorivieraligure.it\/news\/la-fiera-di-u-turismo-campagnolu-in-corsica\/","twitter_misc":{"Written by":"Alessandro Giacobbe","Est. reading time":"3 minutes"},"schema":{"@context":"https:\/\/schema.org","@graph":[{"@type":"Article","@id":"https:\/\/www.oliorivieraligure.it\/news\/la-fiera-di-u-turismo-campagnolu-in-corsica\/#article","isPartOf":{"@id":"https:\/\/www.oliorivieraligure.it\/news\/la-fiera-di-u-turismo-campagnolu-in-corsica\/"},"author":{"name":"Alessandro Giacobbe","@id":"https:\/\/www.oliorivieraligure.it\/#\/schema\/person\/ea22ed2165681d8668134e18b3802ce7"},"headline":"La Fiera di U Turismo Campagnolu in Corsica","datePublished":"2022-08-02T11:07:03+00:00","mainEntityOfPage":{"@id":"https:\/\/www.oliorivieraligure.it\/news\/la-fiera-di-u-turismo-campagnolu-in-corsica\/"},"wordCount":395,"publisher":{"@id":"https:\/\/www.oliorivieraligure.it\/#organization"},"image":{"@id":"https:\/\/www.oliorivieraligure.it\/news\/la-fiera-di-u-turismo-campagnolu-in-corsica\/#primaryimage"},"thumbnailUrl":"https:\/\/i0.wp.com\/www.oliorivieraligure.it\/wp-content\/uploads\/2022\/08\/Frontespizio.jpg?fit=870%2C1235&ssl=1","keywords":["#oliodoprivieraligure","Alsace","B\u00e8arn","Catalunya","Corsica","Euskadi","Fiera di un turismo campagnolu","Filitosa","ODARC (Ufficio di sviluppo agricolo e rurale della Corsica)","Sardegna","Toscana"],"articleSection":["News"],"inLanguage":"en-US"},{"@type":"WebPage","@id":"https:\/\/www.oliorivieraligure.it\/news\/la-fiera-di-u-turismo-campagnolu-in-corsica\/","url":"https:\/\/www.oliorivieraligure.it\/news\/la-fiera-di-u-turismo-campagnolu-in-corsica\/","name":"[:it]La Fiera di U Turismo Campagnolu in Corsica[:] - Consorzio di Tutela Olio DOP Riviera Ligure","isPartOf":{"@id":"https:\/\/www.oliorivieraligure.it\/#website"},"primaryImageOfPage":{"@id":"https:\/\/www.oliorivieraligure.it\/news\/la-fiera-di-u-turismo-campagnolu-in-corsica\/#primaryimage"},"image":{"@id":"https:\/\/www.oliorivieraligure.it\/news\/la-fiera-di-u-turismo-campagnolu-in-corsica\/#primaryimage"},"thumbnailUrl":"https:\/\/i0.wp.com\/www.oliorivieraligure.it\/wp-content\/uploads\/2022\/08\/Frontespizio.jpg?fit=870%2C1235&ssl=1","datePublished":"2022-08-02T11:07:03+00:00","description":"Fiera di u turismu campagnolu Filitosa 5 agosto turismoo sostenibile e multifunzionale Liguria Sardegna Corsica Toscana Euskadi Catalunya #oliod","breadcrumb":{"@id":"https:\/\/www.oliorivieraligure.it\/news\/la-fiera-di-u-turismo-campagnolu-in-corsica\/#breadcrumb"},"inLanguage":"en-US","potentialAction":[{"@type":"ReadAction","target":["https:\/\/www.oliorivieraligure.it\/news\/la-fiera-di-u-turismo-campagnolu-in-corsica\/"]}]},{"@type":"ImageObject","inLanguage":"en-US","@id":"https:\/\/www.oliorivieraligure.it\/news\/la-fiera-di-u-turismo-campagnolu-in-corsica\/#primaryimage","url":"https:\/\/i0.wp.com\/www.oliorivieraligure.it\/wp-content\/uploads\/2022\/08\/Frontespizio.jpg?fit=870%2C1235&ssl=1","contentUrl":"https:\/\/i0.wp.com\/www.oliorivieraligure.it\/wp-content\/uploads\/2022\/08\/Frontespizio.jpg?fit=870%2C1235&ssl=1","width":870,"height":1235},{"@type":"BreadcrumbList","@id":"https:\/\/www.oliorivieraligure.it\/news\/la-fiera-di-u-turismo-campagnolu-in-corsica\/#breadcrumb","itemListElement":[{"@type":"ListItem","position":1,"name":"Home","item":"https:\/\/www.oliorivieraligure.it\/"},{"@type":"ListItem","position":2,"name":"La Fiera di U Turismo Campagnolu in Corsica"}]},{"@type":"WebSite","@id":"https:\/\/www.oliorivieraligure.it\/#website","url":"https:\/\/www.oliorivieraligure.it\/","name":"Consorzio di Tutela Olio DOP Riviera Ligure","description":"Tutta la nostra passione da sempre. Naturalmente.","publisher":{"@id":"https:\/\/www.oliorivieraligure.it\/#organization"},"potentialAction":[{"@type":"SearchAction","target":{"@type":"EntryPoint","urlTemplate":"https:\/\/www.oliorivieraligure.it\/?s={search_term_string}"},"query-input":{"@type":"PropertyValueSpecification","valueRequired":true,"valueName":"search_term_string"}}],"inLanguage":"en-US"},{"@type":"Organization","@id":"https:\/\/www.oliorivieraligure.it\/#organization","name":"Consorzio per la Tutela dell'Olio DOP Riviera Ligure","url":"https:\/\/www.oliorivieraligure.it\/","logo":{"@type":"ImageObject","inLanguage":"en-US","@id":"https:\/\/www.oliorivieraligure.it\/#\/schema\/logo\/image\/","url":"https:\/\/i2.wp.com\/www.oliorivieraligure.it\/wp-content\/uploads\/2016\/11\/logoconsorzio.jpg?fit=1040%2C520&ssl=1","contentUrl":"https:\/\/i2.wp.com\/www.oliorivieraligure.it\/wp-content\/uploads\/2016\/11\/logoconsorzio.jpg?fit=1040%2C520&ssl=1","width":1040,"height":520,"caption":"Consorzio per la Tutela dell'Olio DOP Riviera Ligure"},"image":{"@id":"https:\/\/www.oliorivieraligure.it\/#\/schema\/logo\/image\/"}},{"@type":"Person","@id":"https:\/\/www.oliorivieraligure.it\/#\/schema\/person\/ea22ed2165681d8668134e18b3802ce7","name":"Alessandro Giacobbe","url":"https:\/\/www.oliorivieraligure.it\/en\/author\/agiacobbe\/"}]}},"jetpack_publicize_connections":[],"jetpack_featured_media_url":"https:\/\/i0.wp.com\/www.oliorivieraligure.it\/wp-content\/uploads\/2022\/08\/Frontespizio.jpg?fit=870%2C1235&ssl=1","jetpack_shortlink":"https:\/\/wp.me\/p1pXCP-1Qm","jetpack_sharing_enabled":true,"_links":{"self":[{"href":"https:\/\/www.oliorivieraligure.it\/en\/wp-json\/wp\/v2\/posts\/7090","targetHints":{"allow":["GET"]}}],"collection":[{"href":"https:\/\/www.oliorivieraligure.it\/en\/wp-json\/wp\/v2\/posts"}],"about":[{"href":"https:\/\/www.oliorivieraligure.it\/en\/wp-json\/wp\/v2\/types\/post"}],"author":[{"embeddable":true,"href":"https:\/\/www.oliorivieraligure.it\/en\/wp-json\/wp\/v2\/users\/12"}],"replies":[{"embeddable":true,"href":"https:\/\/www.oliorivieraligure.it\/en\/wp-json\/wp\/v2\/comments?post=7090"}],"version-history":[{"count":0,"href":"https:\/\/www.oliorivieraligure.it\/en\/wp-json\/wp\/v2\/posts\/7090\/revisions"}],"wp:featuredmedia":[{"embeddable":true,"href":"https:\/\/www.oliorivieraligure.it\/en\/wp-json\/wp\/v2\/media\/7091"}],"wp:attachment":[{"href":"https:\/\/www.oliorivieraligure.it\/en\/wp-json\/wp\/v2\/media?parent=7090"}],"wp:term":[{"taxonomy":"category","embeddable":true,"href":"https:\/\/www.oliorivieraligure.it\/en\/wp-json\/wp\/v2\/categories?post=7090"},{"taxonomy":"post_tag","embeddable":true,"href":"https:\/\/www.oliorivieraligure.it\/en\/wp-json\/wp\/v2\/tags?post=7090"}],"curies":[{"name":"wp","href":"https:\/\/api.w.org\/{rel}","templated":true}]}}