{"id":7380,"date":"2023-03-09T14:39:29","date_gmt":"2023-03-09T13:39:29","guid":{"rendered":"https:\/\/www.oliorivieraligure.it\/?p=7380"},"modified":"2023-03-09T14:39:29","modified_gmt":"2023-03-09T13:39:29","slug":"la-diciannovesima-edizione-del-salone-dellagroalimentare-ligure-sal-si-inaugura-con-i-fiori-di-sanremo","status":"publish","type":"post","link":"https:\/\/www.oliorivieraligure.it\/en\/news\/la-diciannovesima-edizione-del-salone-dellagroalimentare-ligure-sal-si-inaugura-con-i-fiori-di-sanremo\/","title":{"rendered":"La diciannovesima edizione del Salone dell\u2019Agroalimentare Ligure \u2013 SAL,  si inaugura con i fiori di Sanremo"},"content":{"rendered":"<p class=\"qtranxs-available-languages-message qtranxs-available-languages-message-en\">Sorry, this entry is only available in <a href=\"https:\/\/www.oliorivieraligure.it\/it\/wp-json\/wp\/v2\/posts\/7380\" class=\"qtranxs-available-language-link qtranxs-available-language-link-it\" title=\"Italiano\">Italiano<\/a>. For the sake of viewer convenience, the content is shown below in the alternative language. You may click the link to switch the active language.<\/p><p>Dal 10 al 12 marzo sar\u00e0 organizzata la XIX edizione del Salone dell\u2019Agroalimentare Ligure a Finalborgo. L\u2019evento, che negli anni \u00e8 diventato un appuntamento fisso per gli appassionati di enogastronomia, sar\u00e0 allestito presso il Complesso Monumentale di Santa Caterina e nel Centro Storico di uno dei Borghi pi\u00f9 Belli d\u2019Italia. La collaborazione con il Comune di Finale Ligure ha fatto s\u00ec che si potesse organizzare un evento sempre pi\u00f9 attrattivo per il pubblico. \u00a0Dopo l\u2019emergenza pandemica da Covid-19, l\u2019evento torna nel suo mese naturale, quello di marzo, messo a punto dagli organizzatori per destagionalizzare il turismo nella Provincia di Savona.<\/p>\n<p><em>\u201cQuando si inizi\u00f2 l\u2019avventura del Salone dell\u2019Agroalimentare Ligure &#8211; dice Cristina Bolla tra le ideatrici dell\u2019evento e Direttore del Salone- fu un lavoro importante di marketing strategico, che univa la componente agroalimentare alla componente turistica, in un mese, quello di marzo, che solitamente era considerato di bassa stagionalit\u00e0. Il SAL diede subito i risultati attesi portando centinaia di espositori e migliaia di visitatori da fuori Liguria e dalle altre Province della Liguria, diventando un evento leader nel settore che, ancora oggi si posiziona tra i principali in Italia. La location finalese si rivel\u00f2 vincente, cos\u00ec come il periodo\u201d.<\/em><\/p>\n<p><strong>Il 2023 avr\u00e0 molte novit\u00e0 in termini di programma e di presenze espositive. L\u2019Auditorium Vision Plaza, sar\u00e0 il fulcro degli incontri che andranno a toccare le tematiche 2023, che seguiranno le tendenze del settore food and beverage: etica e tecnologia a supporto dell\u2019agricoltura e del turismo. Le altre sale eventi saranno la Sala Liguria, dedicata ai laboratori di degustazione e agli show-cooking a cura dell\u2019Istituto Alberghiero di Finale Ligure e la sala dedicata ad Assaggia La Liguria che, per il 2023, allestir\u00e0 uno spettacolo teatrale a cura del Teatro del Piccione, per presentare le DOP liguri.<\/strong><\/p>\n<p>Grazie al supporto della Regione Liguria e al Vice Presidente di Regione Liguria Alessandro Piana,\u00a0 <strong>l\u2019inaugurazione del SAL vedr\u00e0 un evento dedicato ai fiori dal titolo: &#8220;Viaggio tra i fiori del Festival di Sanremo&#8221;.<\/strong><\/p>\n<p>Si tratter\u00e0 di una dimostrazione a cura di: Sabina Di Mattia, floral designer, che da anni realizza i bouquet del Festival di Sanremo; Alessandro Lanteri, direttore di FlorNews Liguria, che si occuper\u00e0 della presentazione del lavoro del Mercato dei Fiori, intramezzandolo con curiosit\u00e0 musicali, storiche e culturali relative al Festival di Sanremo. Durante questa dimostrazione verr\u00e0 ripercorsa la storia del Festival di Sanremo e l\u2019evoluzione dell\u2019estetica floreale e della produzione florovivaistica, facendo vedere come sono cambiati gli omaggi floreali che hanno accompagnato la kermesse negli anni. <strong>Sar\u00e0 l\u2019occasione per apprezzare l\u2019evoluzione nel gusto e nello stile dei mazzi dal secondo dopoguerra agli anni \u201980 per finire con i bouquet pi\u00f9 contemporanei, da Nilla Pizzi ai Maneskin. <\/strong>I prodotti realizzati resteranno in esposizione durante la durata del Salone.<\/p>\n<p><em>\u201cIl Salone dell\u2019Agroalimentare Ligure \u00e8 ormai un evento di riferimento per la Liguria che ci consente di fare il punto sulle nostre eccellenze con estrema variet\u00e0 grazie al supporto del Distretto Florovivaistico della Liguria e dell\u2019area dedicata \u201cAssaggia La Liguria\u201d<\/em> \u2013 afferma il vice presidente della Regione Liguria con delega all\u2019Agricoltura e al Marketing Territoriale Alessandro Piana <em>\u2013, tra obiettivi raggiunti e prossime sfide, veicolando anche le tante possibilit\u00e0 offerte dal Programma di Sviluppo Rurale della Liguria, sempre pi\u00f9 attento alle esigenze del territorio. Fondamentale il lavoro dei Consorzi di Tutela dell\u2019Olio Evo DOP Riviera Ligure, del Basilico Genovese DOP e dell\u2019Enoteca Regionale della Liguria.\u00a0\u00a0 Ringrazio in particolare per l\u2019ideazione e l\u2019organizzazione OroArgento e #unamanonelcerchio,\u00a0 per la sinergia ininterrotta con Regione Liguria il Comune di Finale Ligure, Genova Liguria Film Commission, il Centro Studi Amadeo Peter Giannini, la Provincia di Savona e per la collaborazione il Museo Archeologico del Finale, l\u2019Istituto Alberghiero di Finale Ligure e il Teatro del Piccione.\u00a0 Grande attenzione quest\u2019anno ai fiori, sia come simbolo della Riviera sia come vettore culturale, basti pensare al recente Festival di Sanremo e ai dati del comparto, con un indotto per la Liguria, di 386 milioni di euro (+4,6% sul biennio precedente). Non solo fiori, perch\u00e9 se pensiamo alla vicina Piana di Albenga sono 102 i milioni di vasi di piante aromatiche prodotti all\u2019anno sui 150 milioni totali. Appuntamento dunque dal 10 al 12 marzo per questa ricchissima occasione di incontro naturalmente vocata ad ampliare i target di riferimento, ad avviare e consolidare i processi di internazionalizzazione dei nostri prodotti, aiutando anche a destagionalizzare il turismo enogastronomico, negli ultimi anni in continua ascesa. Il Salone dell\u2019Agroalimentare Ligure racconter\u00e0 anche le nuove opportunit\u00e0 del settore con gli attori delle diverse filiere sia al largo pubblico sia in chiave business, con il rinnovato invito ad acquistare i prodotti locali, simbolo di tradizione, di famiglie che si tramandano pratiche colturali e di trasformazione di generazione in generazione, nonch\u00e9 espressione\u00a0 di autentica cura ed amore per il territorio\u201d<\/em><\/p>\n<p>\u201cVetrina eccellente per i prodotti e le aziende agroalimentari liguri ma anche per il nostro territorio che lo ospita ormai da 19 anni, con le sue aree espositive ed un sempre pi\u00f9 ricco programma di iniziative collaterali, il Salone dell\u2019Agroalimentare \u00e8 per Finale Ligure evento di punta, di respiro nazionale ed internazionale \u2013 commenta Ugo Frascherelli, Sindaco di Finale Ligure. \u2013 Portando a Finalborgo migliaia di visitatori in un solo weekend, il Salone apre cos\u00ec simbolicamente la stagione turistica primaverile. D\u2019altra parte, il gusto e l\u2019enogastronomia connotano fortemente la nostra offerta turistica, integrandosi perfettamente con l\u2019outdoor, il mare, la natura e la cultura e contribuendo in modo decisivo alla destagionalizzazione\u201d.<\/p>\n<p>Per il SAL sar\u00e0 visitabile tutta il Complesso Monumentale di Santa Caterina, cos\u00ec come il Museo Archeologico del Finale che, per l\u2019occasione seguir\u00e0 i seguenti orari: 11 e 12 marzo 10.00-18.00 orario continuato, con visite guidate dalle ore 10.00 alle ore 12.00 di domenica 12 marzo.<\/p>\n<p>Inoltre, si potr\u00e0 visitare il Teatro Aycardi, il pi\u00f9 antico teatro napoleonico della Liguria presente a Finalborgo in Piazza Aycardi, Piazza in ci saranno alcuni espositori del Salone dell\u2019Agroalimentare Ligure. Il Teatro \u00e8 visitabile \u00a0sabato 11 e domenica 12 marzo dalle ore 10.00 alle ore 13.00 e dalle ore 15.00 alle ore 18.00.<\/p>\n<p>&nbsp;<\/p>\n<p>Tra gli eventi collaterali ricordiamo la seconda edizione del <strong>Premio Franco Fassone<\/strong>. Si tratta di un Premio dedicato alle persone che si sono distinte nella valorizzazione dei prodotti agroalimentari liguri, nell\u2019innovazione e nella sostenibilit\u00e0.<\/p>\n<p>Gli spazi espositivi, oltre 100, oltre agli spazi dedicati alle Istituzioni, saranno allestiti presso i chiostri di Santa Caterina, l\u2019Oratorio de\u2019 Disciplinanti, Piazza Santa Caterina, Piazza Aycardi e Piazza Porta Testa.<\/p>\n<p>Ci sar\u00e0 un\u2019ampia area di parcheggi a disposizione del pubblico, oltre ai servizi pullman TPL dalla Stazione Ferroviaria di Finale Ligure Marina a Finalborgo.<\/p>\n<p>&nbsp;<\/p>\n<h2><a href=\"https:\/\/www.oliorivieraligure.it\/wp-content\/uploads\/2023\/03\/programma-SALONE-.pdf\">Ecco il programma della Sala Esperienziale di Assaggia la Liguria<\/a><\/h2>\n<p>&nbsp;<\/p>","protected":false},"excerpt":{"rendered":"<p>Sorry, this entry is only available in Italiano. For the sake of viewer convenience, the content is shown below in the alternative language. You may click the link to switch the active language.Dal 10 al 12 marzo sar\u00e0 organizzata la XIX edizione del Salone dell\u2019Agroalimentare Ligure a Finalborgo. L\u2019evento, che negli anni \u00e8 diventato un [&hellip;]<\/p>\n","protected":false},"author":12,"featured_media":7382,"comment_status":"closed","ping_status":"closed","sticky":false,"template":"","format":"standard","meta":{"_genesis_hide_title":false,"_genesis_hide_breadcrumbs":false,"_genesis_hide_singular_image":false,"_genesis_hide_footer_widgets":false,"_genesis_custom_body_class":"","_genesis_custom_post_class":"","_genesis_layout":"","jetpack_post_was_ever_published":false,"_jetpack_newsletter_access":"","_jetpack_dont_email_post_to_subs":false,"_jetpack_newsletter_tier_id":0,"_jetpack_memberships_contains_paywalled_content":false,"_jetpack_memberships_contains_paid_content":false,"footnotes":"","jetpack_publicize_message":"","jetpack_publicize_feature_enabled":true,"jetpack_social_post_already_shared":true,"jetpack_social_options":{"image_generator_settings":{"template":"highway","enabled":false},"version":2}},"categories":[1],"tags":[],"class_list":{"0":"post-7380","1":"post","2":"type-post","3":"status-publish","4":"format-standard","5":"has-post-thumbnail","7":"category-news","8":"entry"},"yoast_head":"<!-- This site is optimized with the Yoast SEO plugin v25.1 - https:\/\/yoast.com\/wordpress\/plugins\/seo\/ -->\n<title><\/title>\n<meta name=\"robots\" content=\"index, follow, max-snippet:-1, max-image-preview:large, max-video-preview:-1\" \/>\n<link rel=\"canonical\" href=\"https:\/\/www.oliorivieraligure.it\/news\/la-diciannovesima-edizione-del-salone-dellagroalimentare-ligure-sal-si-inaugura-con-i-fiori-di-sanremo\/\" \/>\n<meta name=\"twitter:label1\" content=\"Written by\" \/>\n\t<meta name=\"twitter:data1\" content=\"Alessandro Giacobbe\" \/>\n\t<meta name=\"twitter:label2\" content=\"Est. reading time\" \/>\n\t<meta name=\"twitter:data2\" content=\"6 minutes\" \/>\n<script type=\"application\/ld+json\" class=\"yoast-schema-graph\">{\"@context\":\"https:\/\/schema.org\",\"@graph\":[{\"@type\":\"Article\",\"@id\":\"https:\/\/www.oliorivieraligure.it\/news\/la-diciannovesima-edizione-del-salone-dellagroalimentare-ligure-sal-si-inaugura-con-i-fiori-di-sanremo\/#article\",\"isPartOf\":{\"@id\":\"https:\/\/www.oliorivieraligure.it\/news\/la-diciannovesima-edizione-del-salone-dellagroalimentare-ligure-sal-si-inaugura-con-i-fiori-di-sanremo\/\"},\"author\":{\"name\":\"Alessandro Giacobbe\",\"@id\":\"https:\/\/www.oliorivieraligure.it\/#\/schema\/person\/ea22ed2165681d8668134e18b3802ce7\"},\"headline\":\"La diciannovesima edizione del Salone dell\u2019Agroalimentare Ligure \u2013 SAL, si inaugura con i fiori di Sanremo\",\"datePublished\":\"2023-03-09T13:39:29+00:00\",\"mainEntityOfPage\":{\"@id\":\"https:\/\/www.oliorivieraligure.it\/news\/la-diciannovesima-edizione-del-salone-dellagroalimentare-ligure-sal-si-inaugura-con-i-fiori-di-sanremo\/\"},\"wordCount\":1120,\"publisher\":{\"@id\":\"https:\/\/www.oliorivieraligure.it\/#organization\"},\"image\":{\"@id\":\"https:\/\/www.oliorivieraligure.it\/news\/la-diciannovesima-edizione-del-salone-dellagroalimentare-ligure-sal-si-inaugura-con-i-fiori-di-sanremo\/#primaryimage\"},\"thumbnailUrl\":\"https:\/\/i0.wp.com\/www.oliorivieraligure.it\/wp-content\/uploads\/2023\/03\/Sal-2023.jpg?fit=1369%2C414&ssl=1\",\"articleSection\":[\"News\"],\"inLanguage\":\"en-US\"},{\"@type\":\"WebPage\",\"@id\":\"https:\/\/www.oliorivieraligure.it\/news\/la-diciannovesima-edizione-del-salone-dellagroalimentare-ligure-sal-si-inaugura-con-i-fiori-di-sanremo\/\",\"url\":\"https:\/\/www.oliorivieraligure.it\/news\/la-diciannovesima-edizione-del-salone-dellagroalimentare-ligure-sal-si-inaugura-con-i-fiori-di-sanremo\/\",\"name\":\"[:it]La diciannovesima edizione del Salone dell\u2019Agroalimentare Ligure \u2013 SAL, si inaugura con i fiori di Sanremo[:] - Consorzio di Tutela Olio DOP Riviera Ligure\",\"isPartOf\":{\"@id\":\"https:\/\/www.oliorivieraligure.it\/#website\"},\"primaryImageOfPage\":{\"@id\":\"https:\/\/www.oliorivieraligure.it\/news\/la-diciannovesima-edizione-del-salone-dellagroalimentare-ligure-sal-si-inaugura-con-i-fiori-di-sanremo\/#primaryimage\"},\"image\":{\"@id\":\"https:\/\/www.oliorivieraligure.it\/news\/la-diciannovesima-edizione-del-salone-dellagroalimentare-ligure-sal-si-inaugura-con-i-fiori-di-sanremo\/#primaryimage\"},\"thumbnailUrl\":\"https:\/\/i0.wp.com\/www.oliorivieraligure.it\/wp-content\/uploads\/2023\/03\/Sal-2023.jpg?fit=1369%2C414&ssl=1\",\"datePublished\":\"2023-03-09T13:39:29+00:00\",\"breadcrumb\":{\"@id\":\"https:\/\/www.oliorivieraligure.it\/news\/la-diciannovesima-edizione-del-salone-dellagroalimentare-ligure-sal-si-inaugura-con-i-fiori-di-sanremo\/#breadcrumb\"},\"inLanguage\":\"en-US\",\"potentialAction\":[{\"@type\":\"ReadAction\",\"target\":[\"https:\/\/www.oliorivieraligure.it\/news\/la-diciannovesima-edizione-del-salone-dellagroalimentare-ligure-sal-si-inaugura-con-i-fiori-di-sanremo\/\"]}]},{\"@type\":\"ImageObject\",\"inLanguage\":\"en-US\",\"@id\":\"https:\/\/www.oliorivieraligure.it\/news\/la-diciannovesima-edizione-del-salone-dellagroalimentare-ligure-sal-si-inaugura-con-i-fiori-di-sanremo\/#primaryimage\",\"url\":\"https:\/\/i0.wp.com\/www.oliorivieraligure.it\/wp-content\/uploads\/2023\/03\/Sal-2023.jpg?fit=1369%2C414&ssl=1\",\"contentUrl\":\"https:\/\/i0.wp.com\/www.oliorivieraligure.it\/wp-content\/uploads\/2023\/03\/Sal-2023.jpg?fit=1369%2C414&ssl=1\",\"width\":1369,\"height\":414},{\"@type\":\"BreadcrumbList\",\"@id\":\"https:\/\/www.oliorivieraligure.it\/news\/la-diciannovesima-edizione-del-salone-dellagroalimentare-ligure-sal-si-inaugura-con-i-fiori-di-sanremo\/#breadcrumb\",\"itemListElement\":[{\"@type\":\"ListItem\",\"position\":1,\"name\":\"Home\",\"item\":\"https:\/\/www.oliorivieraligure.it\/\"},{\"@type\":\"ListItem\",\"position\":2,\"name\":\"La diciannovesima edizione del Salone dell\u2019Agroalimentare Ligure \u2013 SAL, si inaugura con i fiori di Sanremo\"}]},{\"@type\":\"WebSite\",\"@id\":\"https:\/\/www.oliorivieraligure.it\/#website\",\"url\":\"https:\/\/www.oliorivieraligure.it\/\",\"name\":\"Consorzio di Tutela Olio DOP Riviera Ligure\",\"description\":\"Tutta la nostra passione da sempre. Naturalmente.\",\"publisher\":{\"@id\":\"https:\/\/www.oliorivieraligure.it\/#organization\"},\"potentialAction\":[{\"@type\":\"SearchAction\",\"target\":{\"@type\":\"EntryPoint\",\"urlTemplate\":\"https:\/\/www.oliorivieraligure.it\/?s={search_term_string}\"},\"query-input\":{\"@type\":\"PropertyValueSpecification\",\"valueRequired\":true,\"valueName\":\"search_term_string\"}}],\"inLanguage\":\"en-US\"},{\"@type\":\"Organization\",\"@id\":\"https:\/\/www.oliorivieraligure.it\/#organization\",\"name\":\"Consorzio per la Tutela dell'Olio DOP Riviera Ligure\",\"url\":\"https:\/\/www.oliorivieraligure.it\/\",\"logo\":{\"@type\":\"ImageObject\",\"inLanguage\":\"en-US\",\"@id\":\"https:\/\/www.oliorivieraligure.it\/#\/schema\/logo\/image\/\",\"url\":\"https:\/\/i2.wp.com\/www.oliorivieraligure.it\/wp-content\/uploads\/2016\/11\/logoconsorzio.jpg?fit=1040%2C520&ssl=1\",\"contentUrl\":\"https:\/\/i2.wp.com\/www.oliorivieraligure.it\/wp-content\/uploads\/2016\/11\/logoconsorzio.jpg?fit=1040%2C520&ssl=1\",\"width\":1040,\"height\":520,\"caption\":\"Consorzio per la Tutela dell'Olio DOP Riviera Ligure\"},\"image\":{\"@id\":\"https:\/\/www.oliorivieraligure.it\/#\/schema\/logo\/image\/\"}},{\"@type\":\"Person\",\"@id\":\"https:\/\/www.oliorivieraligure.it\/#\/schema\/person\/ea22ed2165681d8668134e18b3802ce7\",\"name\":\"Alessandro Giacobbe\",\"url\":\"https:\/\/www.oliorivieraligure.it\/en\/author\/agiacobbe\/\"}]}<\/script>\n<!-- \/ Yoast SEO plugin. -->","yoast_head_json":{"title":"[:it]La diciannovesima edizione del Salone dell\u2019Agroalimentare Ligure \u2013 SAL, si inaugura con i fiori di Sanremo[:] - Consorzio di Tutela Olio DOP Riviera Ligure","robots":{"index":"index","follow":"follow","max-snippet":"max-snippet:-1","max-image-preview":"max-image-preview:large","max-video-preview":"max-video-preview:-1"},"canonical":"https:\/\/www.oliorivieraligure.it\/news\/la-diciannovesima-edizione-del-salone-dellagroalimentare-ligure-sal-si-inaugura-con-i-fiori-di-sanremo\/","twitter_misc":{"Written by":"Alessandro Giacobbe","Est. reading time":"6 minutes"},"schema":{"@context":"https:\/\/schema.org","@graph":[{"@type":"Article","@id":"https:\/\/www.oliorivieraligure.it\/news\/la-diciannovesima-edizione-del-salone-dellagroalimentare-ligure-sal-si-inaugura-con-i-fiori-di-sanremo\/#article","isPartOf":{"@id":"https:\/\/www.oliorivieraligure.it\/news\/la-diciannovesima-edizione-del-salone-dellagroalimentare-ligure-sal-si-inaugura-con-i-fiori-di-sanremo\/"},"author":{"name":"Alessandro Giacobbe","@id":"https:\/\/www.oliorivieraligure.it\/#\/schema\/person\/ea22ed2165681d8668134e18b3802ce7"},"headline":"La diciannovesima edizione del Salone dell\u2019Agroalimentare Ligure \u2013 SAL, si inaugura con i fiori di Sanremo","datePublished":"2023-03-09T13:39:29+00:00","mainEntityOfPage":{"@id":"https:\/\/www.oliorivieraligure.it\/news\/la-diciannovesima-edizione-del-salone-dellagroalimentare-ligure-sal-si-inaugura-con-i-fiori-di-sanremo\/"},"wordCount":1120,"publisher":{"@id":"https:\/\/www.oliorivieraligure.it\/#organization"},"image":{"@id":"https:\/\/www.oliorivieraligure.it\/news\/la-diciannovesima-edizione-del-salone-dellagroalimentare-ligure-sal-si-inaugura-con-i-fiori-di-sanremo\/#primaryimage"},"thumbnailUrl":"https:\/\/i0.wp.com\/www.oliorivieraligure.it\/wp-content\/uploads\/2023\/03\/Sal-2023.jpg?fit=1369%2C414&ssl=1","articleSection":["News"],"inLanguage":"en-US"},{"@type":"WebPage","@id":"https:\/\/www.oliorivieraligure.it\/news\/la-diciannovesima-edizione-del-salone-dellagroalimentare-ligure-sal-si-inaugura-con-i-fiori-di-sanremo\/","url":"https:\/\/www.oliorivieraligure.it\/news\/la-diciannovesima-edizione-del-salone-dellagroalimentare-ligure-sal-si-inaugura-con-i-fiori-di-sanremo\/","name":"[:it]La diciannovesima edizione del Salone dell\u2019Agroalimentare Ligure \u2013 SAL, si inaugura con i fiori di Sanremo[:] - Consorzio di Tutela Olio DOP Riviera Ligure","isPartOf":{"@id":"https:\/\/www.oliorivieraligure.it\/#website"},"primaryImageOfPage":{"@id":"https:\/\/www.oliorivieraligure.it\/news\/la-diciannovesima-edizione-del-salone-dellagroalimentare-ligure-sal-si-inaugura-con-i-fiori-di-sanremo\/#primaryimage"},"image":{"@id":"https:\/\/www.oliorivieraligure.it\/news\/la-diciannovesima-edizione-del-salone-dellagroalimentare-ligure-sal-si-inaugura-con-i-fiori-di-sanremo\/#primaryimage"},"thumbnailUrl":"https:\/\/i0.wp.com\/www.oliorivieraligure.it\/wp-content\/uploads\/2023\/03\/Sal-2023.jpg?fit=1369%2C414&ssl=1","datePublished":"2023-03-09T13:39:29+00:00","breadcrumb":{"@id":"https:\/\/www.oliorivieraligure.it\/news\/la-diciannovesima-edizione-del-salone-dellagroalimentare-ligure-sal-si-inaugura-con-i-fiori-di-sanremo\/#breadcrumb"},"inLanguage":"en-US","potentialAction":[{"@type":"ReadAction","target":["https:\/\/www.oliorivieraligure.it\/news\/la-diciannovesima-edizione-del-salone-dellagroalimentare-ligure-sal-si-inaugura-con-i-fiori-di-sanremo\/"]}]},{"@type":"ImageObject","inLanguage":"en-US","@id":"https:\/\/www.oliorivieraligure.it\/news\/la-diciannovesima-edizione-del-salone-dellagroalimentare-ligure-sal-si-inaugura-con-i-fiori-di-sanremo\/#primaryimage","url":"https:\/\/i0.wp.com\/www.oliorivieraligure.it\/wp-content\/uploads\/2023\/03\/Sal-2023.jpg?fit=1369%2C414&ssl=1","contentUrl":"https:\/\/i0.wp.com\/www.oliorivieraligure.it\/wp-content\/uploads\/2023\/03\/Sal-2023.jpg?fit=1369%2C414&ssl=1","width":1369,"height":414},{"@type":"BreadcrumbList","@id":"https:\/\/www.oliorivieraligure.it\/news\/la-diciannovesima-edizione-del-salone-dellagroalimentare-ligure-sal-si-inaugura-con-i-fiori-di-sanremo\/#breadcrumb","itemListElement":[{"@type":"ListItem","position":1,"name":"Home","item":"https:\/\/www.oliorivieraligure.it\/"},{"@type":"ListItem","position":2,"name":"La diciannovesima edizione del Salone dell\u2019Agroalimentare Ligure \u2013 SAL, si inaugura con i fiori di Sanremo"}]},{"@type":"WebSite","@id":"https:\/\/www.oliorivieraligure.it\/#website","url":"https:\/\/www.oliorivieraligure.it\/","name":"Consorzio di Tutela Olio DOP Riviera Ligure","description":"Tutta la nostra passione da sempre. Naturalmente.","publisher":{"@id":"https:\/\/www.oliorivieraligure.it\/#organization"},"potentialAction":[{"@type":"SearchAction","target":{"@type":"EntryPoint","urlTemplate":"https:\/\/www.oliorivieraligure.it\/?s={search_term_string}"},"query-input":{"@type":"PropertyValueSpecification","valueRequired":true,"valueName":"search_term_string"}}],"inLanguage":"en-US"},{"@type":"Organization","@id":"https:\/\/www.oliorivieraligure.it\/#organization","name":"Consorzio per la Tutela dell'Olio DOP Riviera Ligure","url":"https:\/\/www.oliorivieraligure.it\/","logo":{"@type":"ImageObject","inLanguage":"en-US","@id":"https:\/\/www.oliorivieraligure.it\/#\/schema\/logo\/image\/","url":"https:\/\/i2.wp.com\/www.oliorivieraligure.it\/wp-content\/uploads\/2016\/11\/logoconsorzio.jpg?fit=1040%2C520&ssl=1","contentUrl":"https:\/\/i2.wp.com\/www.oliorivieraligure.it\/wp-content\/uploads\/2016\/11\/logoconsorzio.jpg?fit=1040%2C520&ssl=1","width":1040,"height":520,"caption":"Consorzio per la Tutela dell'Olio DOP Riviera Ligure"},"image":{"@id":"https:\/\/www.oliorivieraligure.it\/#\/schema\/logo\/image\/"}},{"@type":"Person","@id":"https:\/\/www.oliorivieraligure.it\/#\/schema\/person\/ea22ed2165681d8668134e18b3802ce7","name":"Alessandro Giacobbe","url":"https:\/\/www.oliorivieraligure.it\/en\/author\/agiacobbe\/"}]}},"jetpack_publicize_connections":[],"jetpack_featured_media_url":"https:\/\/i0.wp.com\/www.oliorivieraligure.it\/wp-content\/uploads\/2023\/03\/Sal-2023.jpg?fit=1369%2C414&ssl=1","jetpack_shortlink":"https:\/\/wp.me\/p1pXCP-1V2","jetpack_sharing_enabled":true,"_links":{"self":[{"href":"https:\/\/www.oliorivieraligure.it\/en\/wp-json\/wp\/v2\/posts\/7380","targetHints":{"allow":["GET"]}}],"collection":[{"href":"https:\/\/www.oliorivieraligure.it\/en\/wp-json\/wp\/v2\/posts"}],"about":[{"href":"https:\/\/www.oliorivieraligure.it\/en\/wp-json\/wp\/v2\/types\/post"}],"author":[{"embeddable":true,"href":"https:\/\/www.oliorivieraligure.it\/en\/wp-json\/wp\/v2\/users\/12"}],"replies":[{"embeddable":true,"href":"https:\/\/www.oliorivieraligure.it\/en\/wp-json\/wp\/v2\/comments?post=7380"}],"version-history":[{"count":0,"href":"https:\/\/www.oliorivieraligure.it\/en\/wp-json\/wp\/v2\/posts\/7380\/revisions"}],"wp:featuredmedia":[{"embeddable":true,"href":"https:\/\/www.oliorivieraligure.it\/en\/wp-json\/wp\/v2\/media\/7382"}],"wp:attachment":[{"href":"https:\/\/www.oliorivieraligure.it\/en\/wp-json\/wp\/v2\/media?parent=7380"}],"wp:term":[{"taxonomy":"category","embeddable":true,"href":"https:\/\/www.oliorivieraligure.it\/en\/wp-json\/wp\/v2\/categories?post=7380"},{"taxonomy":"post_tag","embeddable":true,"href":"https:\/\/www.oliorivieraligure.it\/en\/wp-json\/wp\/v2\/tags?post=7380"}],"curies":[{"name":"wp","href":"https:\/\/api.w.org\/{rel}","templated":true}]}}