{"id":7583,"date":"2023-09-21T06:38:37","date_gmt":"2023-09-21T04:38:37","guid":{"rendered":"https:\/\/www.oliorivieraligure.it\/?p=7583"},"modified":"2023-10-19T11:48:26","modified_gmt":"2023-10-19T09:48:26","slug":"conto-alla-rovescia","status":"publish","type":"post","link":"https:\/\/www.oliorivieraligure.it\/en\/oliveto\/conto-alla-rovescia\/","title":{"rendered":"Conto alla rovescia"},"content":{"rendered":"<p class=\"qtranxs-available-languages-message qtranxs-available-languages-message-en\">Sorry, this entry is only available in <a href=\"https:\/\/www.oliorivieraligure.it\/it\/wp-json\/wp\/v2\/posts\/7583\" class=\"qtranxs-available-language-link qtranxs-available-language-link-it\" title=\"Italiano\">Italiano<\/a>. For the sake of viewer convenience, the content is shown below in the alternative language. You may click the link to switch the active language.<\/p><p>Calo delle temperature, piogge (anche se scarse), umidit\u00e0 in aumento. Questo il quadro generale della prima parte di settembre che mostra ancora un marcato deficit idrico.<\/p>\n<p>Le olive si trovano nella fase tra l\u2019ingrossamento del frutto e l\u2019inizio dell\u2019invaiatura ovvero il viraggio del colore, con una certa differenza tra le diverse zone altimetriche e tra zone pi\u00f9 asciutte e zone pi\u00f9 umide, nell\u2019ambito di un\u2019annata olivicola che in Liguria si presenta critica a Levante e sofferta, ma quantomeno con una parte di produzione a Ponente. Le piante presentano sintomi di stress legati a tre fattori principali: il perdurare di alte temperature, la carenza d\u2019acqua e una radiazione luminosa molto prolungata.<\/p>\n<p>Il progressivo rammollimento della polpa che accompagna le trasformazioni chimico-fisiche dell\u2019olivo durante il processo di maturazione costituisce l\u2019inizio della lunga volata che precede la raccolta: la drupa passa dal verde al giallo-verde per poi iniziare ad accumulare antociani (composti fenolici) al viraggio del colore; aumenta la componente lipidica (in particolare aumentano gli acidi grassi oleico e linoleico e diminuiscono il palmitico e lo stearico) e le gocce di olio vengono prodotte nella polpa, oltre a tutta un\u2019altra serie di trasformazioni; l\u2019ossidazione (sia chimica che enzimatica) degli acidi grassi durante la frangitura e la gramolatura \u00e8 responsabile dei profumi dell\u2019olio di oliva.<\/p>\n<p>La previsione \u00e8 di una produzione limitata che verr\u00e0 raccolta non appena raggiunto il massimo punto di inolizione possibile (fine ottobre, primi di novembre).<\/p>\n<p><img data-recalc-dims=\"1\" loading=\"lazy\" decoding=\"async\" class=\"alignnone size-medium wp-image-7586 aligncenter\" src=\"https:\/\/i0.wp.com\/www.oliorivieraligure.it\/wp-content\/uploads\/2023\/09\/Giorni-fioritura.png?resize=480%2C300&#038;ssl=1\" alt=\"\" width=\"480\" height=\"300\" srcset=\"https:\/\/i0.wp.com\/www.oliorivieraligure.it\/wp-content\/uploads\/2023\/09\/Giorni-fioritura.png?resize=480%2C300&amp;ssl=1 480w, https:\/\/i0.wp.com\/www.oliorivieraligure.it\/wp-content\/uploads\/2023\/09\/Giorni-fioritura.png?resize=260%2C163&amp;ssl=1 260w, https:\/\/i0.wp.com\/www.oliorivieraligure.it\/wp-content\/uploads\/2023\/09\/Giorni-fioritura.png?resize=160%2C100&amp;ssl=1 160w, https:\/\/i0.wp.com\/www.oliorivieraligure.it\/wp-content\/uploads\/2023\/09\/Giorni-fioritura.png?resize=200%2C125&amp;ssl=1 200w, https:\/\/i0.wp.com\/www.oliorivieraligure.it\/wp-content\/uploads\/2023\/09\/Giorni-fioritura.png?w=528&amp;ssl=1 528w\" sizes=\"auto, (max-width: 480px) 100vw, 480px\" \/><\/p>\n<p>Andamento dell\u2019accumulo di olio nel frutto (Tombesi e Gucci, 2007).<\/p>\n<p>Un mese critico insomma, in cui viene a essere fondamentale avere ancora qualche freccia all\u2019arco della difesa fitosanitaria. La situazione meteorologica, in particolare l\u2019umidit\u00e0 e la temperatura, costituir\u00e0 il fattore principale con il quale confrontarsi nelle prossime settimane.<\/p>\n<p>Le tignole rodiscorza <em>Euzophera bigella<\/em> e <em>E. pinguis<\/em> non paiono destare grande preoccupazione, nonostante la seconda risulti molto pi\u00f9 attiva della prima, contro le previsioni.<\/p>\n<p style=\"text-align: center;\"><img data-recalc-dims=\"1\" loading=\"lazy\" decoding=\"async\" class=\"alignnone size-medium wp-image-7584\" src=\"https:\/\/i0.wp.com\/www.oliorivieraligure.it\/wp-content\/uploads\/2023\/09\/Euz-pinguis.jpg?resize=398%2C300&#038;ssl=1\" alt=\"\" width=\"398\" height=\"300\" srcset=\"https:\/\/i0.wp.com\/www.oliorivieraligure.it\/wp-content\/uploads\/2023\/09\/Euz-pinguis.jpg?resize=398%2C300&amp;ssl=1 398w, https:\/\/i0.wp.com\/www.oliorivieraligure.it\/wp-content\/uploads\/2023\/09\/Euz-pinguis.jpg?resize=560%2C422&amp;ssl=1 560w, https:\/\/i0.wp.com\/www.oliorivieraligure.it\/wp-content\/uploads\/2023\/09\/Euz-pinguis.jpg?resize=260%2C196&amp;ssl=1 260w, https:\/\/i0.wp.com\/www.oliorivieraligure.it\/wp-content\/uploads\/2023\/09\/Euz-pinguis.jpg?resize=160%2C120&amp;ssl=1 160w, https:\/\/i0.wp.com\/www.oliorivieraligure.it\/wp-content\/uploads\/2023\/09\/Euz-pinguis.jpg?resize=200%2C151&amp;ssl=1 200w, https:\/\/i0.wp.com\/www.oliorivieraligure.it\/wp-content\/uploads\/2023\/09\/Euz-pinguis.jpg?w=725&amp;ssl=1 725w\" sizes=\"auto, (max-width: 398px) 100vw, 398px\" \/> <img data-recalc-dims=\"1\" loading=\"lazy\" decoding=\"async\" class=\"size-medium wp-image-7585 alignnone\" src=\"https:\/\/i0.wp.com\/www.oliorivieraligure.it\/wp-content\/uploads\/2023\/09\/Euz-bigella.jpg?resize=398%2C300&#038;ssl=1\" alt=\"\" width=\"398\" height=\"300\" srcset=\"https:\/\/i0.wp.com\/www.oliorivieraligure.it\/wp-content\/uploads\/2023\/09\/Euz-bigella.jpg?resize=398%2C300&amp;ssl=1 398w, https:\/\/i0.wp.com\/www.oliorivieraligure.it\/wp-content\/uploads\/2023\/09\/Euz-bigella.jpg?resize=560%2C422&amp;ssl=1 560w, https:\/\/i0.wp.com\/www.oliorivieraligure.it\/wp-content\/uploads\/2023\/09\/Euz-bigella.jpg?resize=260%2C196&amp;ssl=1 260w, https:\/\/i0.wp.com\/www.oliorivieraligure.it\/wp-content\/uploads\/2023\/09\/Euz-bigella.jpg?resize=160%2C120&amp;ssl=1 160w, https:\/\/i0.wp.com\/www.oliorivieraligure.it\/wp-content\/uploads\/2023\/09\/Euz-bigella.jpg?resize=200%2C151&amp;ssl=1 200w, https:\/\/i0.wp.com\/www.oliorivieraligure.it\/wp-content\/uploads\/2023\/09\/Euz-bigella.jpg?w=725&amp;ssl=1 725w\" sizes=\"auto, (max-width: 398px) 100vw, 398px\" \/><\/p>\n<p>Confronto tra catture di E. pinguis e E.bigella (trappola)<\/p>\n<p>Il principale fattore di preoccupazione resta la mosca olearia che nell\u2019oliveto dimostrativo del Consorzio di Tutela si mantiene attiva (come in tutto il comprensorio) ma con bassi livelli di infestazione (intorno al 2%). L\u2019attivit\u00e0 di monitoraggio consente di osservare principalmente larve di I et\u00e0 (le pi\u00f9 piccole) e alcune uova.<\/p>\n<p>Continua il volo degli adulti, catturati attraverso le trappole Flypack ma con una significativa diminuzione tra la prima e la seconda settimana di settembre (catture quasi dimezzate).<\/p>\n<p>Proseguono i trattamenti adulticidi con Exirel Bait su una piccola porzione di chioma, una \u201cstriscia\u201d su tutte le piante sulla quale l\u2019esca distribuita attira l\u2019insetto che poi si posa sull\u2019insetticida; un pizzico di fortuna ha consentito di poter effettuare la distribuzione del prodotto senza piogge e garantendo quindi la \u201ccopertura\u201d del periodo efficace (ogni trattamento garantisce efficacia per 14 giorni) e con l\u2019ultimo effettuato si potrebbe arrivare alla fine del mese di settembre, avendone ancora a disposizione uno e potendo intervenire in caso di necessit\u00e0 anche nei confronti di un eventuale aumento dell\u2019ovideposizione con sviluppo delle larve, se l\u2019infestazione attiva dovesse superare la soglia di intervento.<\/p>\n<p>Il 15 settembre si \u00e8 anche proceduto alla distribuzione di Active Dry e MicroSync-K-Si: il primo \u00e8 un biostimolante ricco in acidi umici e fulvici (componenti dell\u2019humus) che migliora qualit\u00e0 e pezzatura delle drupe e il secondo migliora le caratteristiche della polpa apportando potassio in forma chelata (ovvero in complessi con strutture pi\u00f9 grandi) pi\u00f9 facilmente assorbibile; si tratta degli ultimi trattamenti del protocollo di concimazione prima della raccolta, a cui far\u00e0 seguito un successivo trattamento post-raccolta.<\/p>\n<p>L\u2019obiettivo immediato \u00e8 quindi mantenere un basso livello di infestazione ma la prospettiva si sposta gi\u00e0 in avanti, alla prossima stagione, ponendosi tre obiettivi principali:<\/p>\n<ul>\n<li>migliorare lo stato idrico della coltura (sia direttamente, con l\u2019irrigazione che indirettamente con il miglioramento delle condizioni del terreno), fattore ormai fondamentale per garantire le rese;<\/li>\n<li>migliorare le condizioni del suolo (intervenendo le caratteristiche fisiche, chimiche e microbiologiche) cos\u00ec da incrementare la capacit\u00e0 della pianta di resistere e reagire a stress di tipo parassitario e non;<\/li>\n<li>intervenire in modo da ridurre l\u2019importanza della generazione svernante di mosca e diminuire la \u201cdipendenza\u201d dai trattamenti fitosanitari.<\/li>\n<\/ul>\n<p><\/p>","protected":false},"excerpt":{"rendered":"<p>Sorry, this entry is only available in Italiano. For the sake of viewer convenience, the content is shown below in the alternative language. You may click the link to switch the active language.Calo delle temperature, piogge (anche se scarse), umidit\u00e0 in aumento. Questo il quadro generale della prima parte di settembre che mostra ancora un [&hellip;]<\/p>\n","protected":false},"author":12,"featured_media":7586,"comment_status":"closed","ping_status":"closed","sticky":false,"template":"","format":"standard","meta":{"_genesis_hide_title":false,"_genesis_hide_breadcrumbs":false,"_genesis_hide_singular_image":false,"_genesis_hide_footer_widgets":false,"_genesis_custom_body_class":"","_genesis_custom_post_class":"","_genesis_layout":"","jetpack_post_was_ever_published":false,"_jetpack_newsletter_access":"","_jetpack_dont_email_post_to_subs":false,"_jetpack_newsletter_tier_id":0,"_jetpack_memberships_contains_paywalled_content":false,"_jetpack_memberships_contains_paid_content":false,"footnotes":"","jetpack_publicize_message":"","jetpack_publicize_feature_enabled":true,"jetpack_social_post_already_shared":true,"jetpack_social_options":{"image_generator_settings":{"template":"highway","enabled":false},"version":2}},"categories":[987,153],"tags":[974,972,975,976,934,195],"class_list":{"0":"post-7583","1":"post","2":"type-post","3":"status-publish","4":"format-standard","5":"has-post-thumbnail","7":"category-agronomo","8":"category-oliveto","9":"tag-euzophera","10":"tag-exirel-bait","11":"tag-invaiatura","12":"tag-maturazione-olive","13":"tag-mosca-dellolivo","14":"tag-oliveto-della-riviera-ligure","15":"entry"},"yoast_head":"<!-- This site is optimized with the Yoast SEO plugin v25.1 - https:\/\/yoast.com\/wordpress\/plugins\/seo\/ -->\n<title><\/title>\n<meta name=\"description\" content=\"Oliveto della Riviera Ligure matuazione invaiatura attesa Euzphera Bigella trattamenti mosca olivo Exirel Bait\" \/>\n<meta name=\"robots\" content=\"index, follow, max-snippet:-1, max-image-preview:large, max-video-preview:-1\" \/>\n<link rel=\"canonical\" href=\"https:\/\/www.oliorivieraligure.it\/oliveto\/conto-alla-rovescia\/\" \/>\n<meta name=\"twitter:label1\" content=\"Written by\" \/>\n\t<meta name=\"twitter:data1\" content=\"Alessandro Giacobbe\" \/>\n\t<meta name=\"twitter:label2\" content=\"Est. reading time\" \/>\n\t<meta name=\"twitter:data2\" content=\"5 minutes\" \/>\n<script type=\"application\/ld+json\" class=\"yoast-schema-graph\">{\"@context\":\"https:\/\/schema.org\",\"@graph\":[{\"@type\":\"Article\",\"@id\":\"https:\/\/www.oliorivieraligure.it\/oliveto\/conto-alla-rovescia\/#article\",\"isPartOf\":{\"@id\":\"https:\/\/www.oliorivieraligure.it\/oliveto\/conto-alla-rovescia\/\"},\"author\":{\"name\":\"Alessandro Giacobbe\",\"@id\":\"https:\/\/www.oliorivieraligure.it\/#\/schema\/person\/ea22ed2165681d8668134e18b3802ce7\"},\"headline\":\"Conto alla rovescia\",\"datePublished\":\"2023-09-21T04:38:37+00:00\",\"dateModified\":\"2023-10-19T09:48:26+00:00\",\"mainEntityOfPage\":{\"@id\":\"https:\/\/www.oliorivieraligure.it\/oliveto\/conto-alla-rovescia\/\"},\"wordCount\":699,\"publisher\":{\"@id\":\"https:\/\/www.oliorivieraligure.it\/#organization\"},\"image\":{\"@id\":\"https:\/\/www.oliorivieraligure.it\/oliveto\/conto-alla-rovescia\/#primaryimage\"},\"thumbnailUrl\":\"https:\/\/i0.wp.com\/www.oliorivieraligure.it\/wp-content\/uploads\/2023\/09\/Giorni-fioritura.png?fit=528%2C330&ssl=1\",\"keywords\":[\"Euzophera\",\"Exirel Bait\",\"Invaiatura\",\"Maturazione olive\",\"mosca dell'olivo\",\"oliveto della Riviera Ligure\"],\"articleSection\":[\"Bollettino olivicolo\",\"The olive grove\"],\"inLanguage\":\"en-US\"},{\"@type\":\"WebPage\",\"@id\":\"https:\/\/www.oliorivieraligure.it\/oliveto\/conto-alla-rovescia\/\",\"url\":\"https:\/\/www.oliorivieraligure.it\/oliveto\/conto-alla-rovescia\/\",\"name\":\"[:it]Conto alla rovescia[:] - Consorzio di Tutela Olio DOP Riviera Ligure\",\"isPartOf\":{\"@id\":\"https:\/\/www.oliorivieraligure.it\/#website\"},\"primaryImageOfPage\":{\"@id\":\"https:\/\/www.oliorivieraligure.it\/oliveto\/conto-alla-rovescia\/#primaryimage\"},\"image\":{\"@id\":\"https:\/\/www.oliorivieraligure.it\/oliveto\/conto-alla-rovescia\/#primaryimage\"},\"thumbnailUrl\":\"https:\/\/i0.wp.com\/www.oliorivieraligure.it\/wp-content\/uploads\/2023\/09\/Giorni-fioritura.png?fit=528%2C330&ssl=1\",\"datePublished\":\"2023-09-21T04:38:37+00:00\",\"dateModified\":\"2023-10-19T09:48:26+00:00\",\"description\":\"Oliveto della Riviera Ligure matuazione invaiatura attesa Euzphera Bigella trattamenti mosca olivo Exirel Bait\",\"breadcrumb\":{\"@id\":\"https:\/\/www.oliorivieraligure.it\/oliveto\/conto-alla-rovescia\/#breadcrumb\"},\"inLanguage\":\"en-US\",\"potentialAction\":[{\"@type\":\"ReadAction\",\"target\":[\"https:\/\/www.oliorivieraligure.it\/oliveto\/conto-alla-rovescia\/\"]}]},{\"@type\":\"ImageObject\",\"inLanguage\":\"en-US\",\"@id\":\"https:\/\/www.oliorivieraligure.it\/oliveto\/conto-alla-rovescia\/#primaryimage\",\"url\":\"https:\/\/i0.wp.com\/www.oliorivieraligure.it\/wp-content\/uploads\/2023\/09\/Giorni-fioritura.png?fit=528%2C330&ssl=1\",\"contentUrl\":\"https:\/\/i0.wp.com\/www.oliorivieraligure.it\/wp-content\/uploads\/2023\/09\/Giorni-fioritura.png?fit=528%2C330&ssl=1\",\"width\":528,\"height\":330},{\"@type\":\"BreadcrumbList\",\"@id\":\"https:\/\/www.oliorivieraligure.it\/oliveto\/conto-alla-rovescia\/#breadcrumb\",\"itemListElement\":[{\"@type\":\"ListItem\",\"position\":1,\"name\":\"Home\",\"item\":\"https:\/\/www.oliorivieraligure.it\/\"},{\"@type\":\"ListItem\",\"position\":2,\"name\":\"[:it]Conto alla rovescia[:]\"}]},{\"@type\":\"WebSite\",\"@id\":\"https:\/\/www.oliorivieraligure.it\/#website\",\"url\":\"https:\/\/www.oliorivieraligure.it\/\",\"name\":\"Consorzio di Tutela Olio DOP Riviera Ligure\",\"description\":\"Tutta la nostra passione da sempre. Naturalmente.\",\"publisher\":{\"@id\":\"https:\/\/www.oliorivieraligure.it\/#organization\"},\"potentialAction\":[{\"@type\":\"SearchAction\",\"target\":{\"@type\":\"EntryPoint\",\"urlTemplate\":\"https:\/\/www.oliorivieraligure.it\/?s={search_term_string}\"},\"query-input\":{\"@type\":\"PropertyValueSpecification\",\"valueRequired\":true,\"valueName\":\"search_term_string\"}}],\"inLanguage\":\"en-US\"},{\"@type\":\"Organization\",\"@id\":\"https:\/\/www.oliorivieraligure.it\/#organization\",\"name\":\"Consorzio per la Tutela dell'Olio DOP Riviera Ligure\",\"url\":\"https:\/\/www.oliorivieraligure.it\/\",\"logo\":{\"@type\":\"ImageObject\",\"inLanguage\":\"en-US\",\"@id\":\"https:\/\/www.oliorivieraligure.it\/#\/schema\/logo\/image\/\",\"url\":\"https:\/\/i2.wp.com\/www.oliorivieraligure.it\/wp-content\/uploads\/2016\/11\/logoconsorzio.jpg?fit=1040%2C520&ssl=1\",\"contentUrl\":\"https:\/\/i2.wp.com\/www.oliorivieraligure.it\/wp-content\/uploads\/2016\/11\/logoconsorzio.jpg?fit=1040%2C520&ssl=1\",\"width\":1040,\"height\":520,\"caption\":\"Consorzio per la Tutela dell'Olio DOP Riviera Ligure\"},\"image\":{\"@id\":\"https:\/\/www.oliorivieraligure.it\/#\/schema\/logo\/image\/\"}},{\"@type\":\"Person\",\"@id\":\"https:\/\/www.oliorivieraligure.it\/#\/schema\/person\/ea22ed2165681d8668134e18b3802ce7\",\"name\":\"Alessandro Giacobbe\",\"url\":\"https:\/\/www.oliorivieraligure.it\/en\/author\/agiacobbe\/\"}]}<\/script>\n<!-- \/ Yoast SEO plugin. -->","yoast_head_json":{"title":"[:it]Conto alla rovescia[:] - Consorzio di Tutela Olio DOP Riviera Ligure","description":"Oliveto della Riviera Ligure matuazione invaiatura attesa Euzphera Bigella trattamenti mosca olivo Exirel Bait","robots":{"index":"index","follow":"follow","max-snippet":"max-snippet:-1","max-image-preview":"max-image-preview:large","max-video-preview":"max-video-preview:-1"},"canonical":"https:\/\/www.oliorivieraligure.it\/oliveto\/conto-alla-rovescia\/","twitter_misc":{"Written by":"Alessandro Giacobbe","Est. reading time":"5 minutes"},"schema":{"@context":"https:\/\/schema.org","@graph":[{"@type":"Article","@id":"https:\/\/www.oliorivieraligure.it\/oliveto\/conto-alla-rovescia\/#article","isPartOf":{"@id":"https:\/\/www.oliorivieraligure.it\/oliveto\/conto-alla-rovescia\/"},"author":{"name":"Alessandro Giacobbe","@id":"https:\/\/www.oliorivieraligure.it\/#\/schema\/person\/ea22ed2165681d8668134e18b3802ce7"},"headline":"Conto alla rovescia","datePublished":"2023-09-21T04:38:37+00:00","dateModified":"2023-10-19T09:48:26+00:00","mainEntityOfPage":{"@id":"https:\/\/www.oliorivieraligure.it\/oliveto\/conto-alla-rovescia\/"},"wordCount":699,"publisher":{"@id":"https:\/\/www.oliorivieraligure.it\/#organization"},"image":{"@id":"https:\/\/www.oliorivieraligure.it\/oliveto\/conto-alla-rovescia\/#primaryimage"},"thumbnailUrl":"https:\/\/i0.wp.com\/www.oliorivieraligure.it\/wp-content\/uploads\/2023\/09\/Giorni-fioritura.png?fit=528%2C330&ssl=1","keywords":["Euzophera","Exirel Bait","Invaiatura","Maturazione olive","mosca dell'olivo","oliveto della Riviera Ligure"],"articleSection":["Bollettino olivicolo","The olive grove"],"inLanguage":"en-US"},{"@type":"WebPage","@id":"https:\/\/www.oliorivieraligure.it\/oliveto\/conto-alla-rovescia\/","url":"https:\/\/www.oliorivieraligure.it\/oliveto\/conto-alla-rovescia\/","name":"[:it]Conto alla rovescia[:] - Consorzio di Tutela Olio DOP Riviera Ligure","isPartOf":{"@id":"https:\/\/www.oliorivieraligure.it\/#website"},"primaryImageOfPage":{"@id":"https:\/\/www.oliorivieraligure.it\/oliveto\/conto-alla-rovescia\/#primaryimage"},"image":{"@id":"https:\/\/www.oliorivieraligure.it\/oliveto\/conto-alla-rovescia\/#primaryimage"},"thumbnailUrl":"https:\/\/i0.wp.com\/www.oliorivieraligure.it\/wp-content\/uploads\/2023\/09\/Giorni-fioritura.png?fit=528%2C330&ssl=1","datePublished":"2023-09-21T04:38:37+00:00","dateModified":"2023-10-19T09:48:26+00:00","description":"Oliveto della Riviera Ligure matuazione invaiatura attesa Euzphera Bigella trattamenti mosca olivo Exirel Bait","breadcrumb":{"@id":"https:\/\/www.oliorivieraligure.it\/oliveto\/conto-alla-rovescia\/#breadcrumb"},"inLanguage":"en-US","potentialAction":[{"@type":"ReadAction","target":["https:\/\/www.oliorivieraligure.it\/oliveto\/conto-alla-rovescia\/"]}]},{"@type":"ImageObject","inLanguage":"en-US","@id":"https:\/\/www.oliorivieraligure.it\/oliveto\/conto-alla-rovescia\/#primaryimage","url":"https:\/\/i0.wp.com\/www.oliorivieraligure.it\/wp-content\/uploads\/2023\/09\/Giorni-fioritura.png?fit=528%2C330&ssl=1","contentUrl":"https:\/\/i0.wp.com\/www.oliorivieraligure.it\/wp-content\/uploads\/2023\/09\/Giorni-fioritura.png?fit=528%2C330&ssl=1","width":528,"height":330},{"@type":"BreadcrumbList","@id":"https:\/\/www.oliorivieraligure.it\/oliveto\/conto-alla-rovescia\/#breadcrumb","itemListElement":[{"@type":"ListItem","position":1,"name":"Home","item":"https:\/\/www.oliorivieraligure.it\/"},{"@type":"ListItem","position":2,"name":"[:it]Conto alla rovescia[:]"}]},{"@type":"WebSite","@id":"https:\/\/www.oliorivieraligure.it\/#website","url":"https:\/\/www.oliorivieraligure.it\/","name":"Consorzio di Tutela Olio DOP Riviera Ligure","description":"Tutta la nostra passione da sempre. Naturalmente.","publisher":{"@id":"https:\/\/www.oliorivieraligure.it\/#organization"},"potentialAction":[{"@type":"SearchAction","target":{"@type":"EntryPoint","urlTemplate":"https:\/\/www.oliorivieraligure.it\/?s={search_term_string}"},"query-input":{"@type":"PropertyValueSpecification","valueRequired":true,"valueName":"search_term_string"}}],"inLanguage":"en-US"},{"@type":"Organization","@id":"https:\/\/www.oliorivieraligure.it\/#organization","name":"Consorzio per la Tutela dell'Olio DOP Riviera Ligure","url":"https:\/\/www.oliorivieraligure.it\/","logo":{"@type":"ImageObject","inLanguage":"en-US","@id":"https:\/\/www.oliorivieraligure.it\/#\/schema\/logo\/image\/","url":"https:\/\/i2.wp.com\/www.oliorivieraligure.it\/wp-content\/uploads\/2016\/11\/logoconsorzio.jpg?fit=1040%2C520&ssl=1","contentUrl":"https:\/\/i2.wp.com\/www.oliorivieraligure.it\/wp-content\/uploads\/2016\/11\/logoconsorzio.jpg?fit=1040%2C520&ssl=1","width":1040,"height":520,"caption":"Consorzio per la Tutela dell'Olio DOP Riviera Ligure"},"image":{"@id":"https:\/\/www.oliorivieraligure.it\/#\/schema\/logo\/image\/"}},{"@type":"Person","@id":"https:\/\/www.oliorivieraligure.it\/#\/schema\/person\/ea22ed2165681d8668134e18b3802ce7","name":"Alessandro Giacobbe","url":"https:\/\/www.oliorivieraligure.it\/en\/author\/agiacobbe\/"}]}},"jetpack_publicize_connections":[],"jetpack_featured_media_url":"https:\/\/i0.wp.com\/www.oliorivieraligure.it\/wp-content\/uploads\/2023\/09\/Giorni-fioritura.png?fit=528%2C330&ssl=1","jetpack_shortlink":"https:\/\/wp.me\/p1pXCP-1Yj","jetpack_sharing_enabled":true,"_links":{"self":[{"href":"https:\/\/www.oliorivieraligure.it\/en\/wp-json\/wp\/v2\/posts\/7583","targetHints":{"allow":["GET"]}}],"collection":[{"href":"https:\/\/www.oliorivieraligure.it\/en\/wp-json\/wp\/v2\/posts"}],"about":[{"href":"https:\/\/www.oliorivieraligure.it\/en\/wp-json\/wp\/v2\/types\/post"}],"author":[{"embeddable":true,"href":"https:\/\/www.oliorivieraligure.it\/en\/wp-json\/wp\/v2\/users\/12"}],"replies":[{"embeddable":true,"href":"https:\/\/www.oliorivieraligure.it\/en\/wp-json\/wp\/v2\/comments?post=7583"}],"version-history":[{"count":0,"href":"https:\/\/www.oliorivieraligure.it\/en\/wp-json\/wp\/v2\/posts\/7583\/revisions"}],"wp:featuredmedia":[{"embeddable":true,"href":"https:\/\/www.oliorivieraligure.it\/en\/wp-json\/wp\/v2\/media\/7586"}],"wp:attachment":[{"href":"https:\/\/www.oliorivieraligure.it\/en\/wp-json\/wp\/v2\/media?parent=7583"}],"wp:term":[{"taxonomy":"category","embeddable":true,"href":"https:\/\/www.oliorivieraligure.it\/en\/wp-json\/wp\/v2\/categories?post=7583"},{"taxonomy":"post_tag","embeddable":true,"href":"https:\/\/www.oliorivieraligure.it\/en\/wp-json\/wp\/v2\/tags?post=7583"}],"curies":[{"name":"wp","href":"https:\/\/api.w.org\/{rel}","templated":true}]}}