{"id":7735,"date":"2023-09-26T22:24:57","date_gmt":"2023-09-26T20:24:57","guid":{"rendered":"https:\/\/www.oliorivieraligure.it\/?p=7735"},"modified":"2023-09-26T22:24:57","modified_gmt":"2023-09-26T20:24:57","slug":"assaggia-la-liguria-vola-alla-fiera-internazionale-di-marsiglia","status":"publish","type":"post","link":"https:\/\/www.oliorivieraligure.it\/en\/news\/assaggia-la-liguria-vola-alla-fiera-internazionale-di-marsiglia\/","title":{"rendered":"ASSAGGIA LA LIGURIA VOLA ALLA FIERA INTERNAZIONALE DI MARSIGLIA"},"content":{"rendered":"<p class=\"qtranxs-available-languages-message qtranxs-available-languages-message-en\">Sorry, this entry is only available in <a href=\"https:\/\/www.oliorivieraligure.it\/it\/wp-json\/wp\/v2\/posts\/7735\" class=\"qtranxs-available-language-link qtranxs-available-language-link-it\" title=\"Italiano\">Italiano<\/a>. For the sake of viewer convenience, the content is shown below in the alternative language. You may click the link to switch the active language.<\/p><p>La Fiera di Marsiglia \u00e8 la seconda fiera campionaria di Francia con 300.000 visitatori, 1.000 espositori ripartiti su 120.000 mq e un palinsesto di serate tematiche: un grande evento e una straordinaria vetrina &#8220;mediterranea&#8221; dove si ritrovano imprese, artigiani, operatori economici e artisti provenienti da tutto il mondo.<\/p>\n<p>Durante la sua novantottetesima edizione che si svolge dal 22 settembre al 2 ottobre 2023, Assaggia la Liguria \u00e8 presente con uno spazio espositivo all&#8217;interno del Padiglione Italia, grazie a Citt\u00e0 Metropolitana di Genova in sinergia con Chambre de Commerce Italienne pour la France de Marseille: un&#8217;opportunit\u00e0 per sviluppare e far crescere i rapporti commerciali con il Sud della Francia.<\/p>\n<p>Lo spazio prevede un\u2019attivit\u00e0 commerciale curata da un\u2019azienda rappresentativa del Consorzio di tutela del Basilico Genovese DOP (Calcagno Paolo soc.coop. agricola), che sar\u00e0 arricchito da un\u2019animazione durante le giornate clou della manifestazione, il 28 e 29 Settembre rispettivamente \u201cGiornata Italia\u201d e la \u201cNotturna\u201d durante le quali si terranno appuntamenti esperienziali con il \u201c<strong>LABORATORIO EMOZIONALE DI PESTO AL MORTAIO: BASILICO GENOVESE DOP E DEGUSTAZIONE OLIO RIVIERA LIGURE DOP E VINI DEL GENOVESATO.<\/strong>\u201d<\/p>\n<p>Assaggia la Liguria \u00e8 un progetto dei Consorzi di tutela del Basilico Genovese DOP e dell\u2019Olio Riviera Ligure DOP ed Enoteca Regionale della Liguria in collaborazione con Regione Liguria realizzato dalla Compagnia Teatro del Piccione.<\/p>","protected":false},"excerpt":{"rendered":"<p>Sorry, this entry is only available in Italiano. For the sake of viewer convenience, the content is shown below in the alternative language. You may click the link to switch the active language.La Fiera di Marsiglia \u00e8 la seconda fiera campionaria di Francia con 300.000 visitatori, 1.000 espositori ripartiti su 120.000 mq e un palinsesto [&hellip;]<\/p>\n","protected":false},"author":12,"featured_media":7736,"comment_status":"closed","ping_status":"closed","sticky":false,"template":"","format":"standard","meta":{"_genesis_hide_title":false,"_genesis_hide_breadcrumbs":false,"_genesis_hide_singular_image":false,"_genesis_hide_footer_widgets":false,"_genesis_custom_body_class":"","_genesis_custom_post_class":"","_genesis_layout":"","jetpack_post_was_ever_published":false,"_jetpack_newsletter_access":"","_jetpack_dont_email_post_to_subs":false,"_jetpack_newsletter_tier_id":0,"_jetpack_memberships_contains_paywalled_content":false,"_jetpack_memberships_contains_paid_content":false,"footnotes":"","jetpack_publicize_message":"","jetpack_publicize_feature_enabled":true,"jetpack_social_post_already_shared":true,"jetpack_social_options":{"image_generator_settings":{"template":"highway","enabled":false},"version":2}},"categories":[1],"tags":[315,359,920,518,356,978,979],"class_list":{"0":"post-7735","1":"post","2":"type-post","3":"status-publish","4":"format-standard","5":"has-post-thumbnail","7":"category-news","8":"tag-lamialiguria","9":"tag-oliodoprivieraligure","10":"tag-oliorivieraliguredop","11":"tag-assaggia-la-liguria","12":"tag-basilico-genovese-dop","13":"tag-fiera-di-marsiglia","14":"tag-foire-de-marseille","15":"entry"},"yoast_head":"<!-- This site is optimized with the Yoast SEO plugin v25.1 - https:\/\/yoast.com\/wordpress\/plugins\/seo\/ -->\n<title><\/title>\n<meta name=\"description\" content=\"Foire de Marseille Fiera di Marsiglia 22 settembre al 2 ottobre 2023 #assaggialaligura #oliorivieraliguredop laboratorio emozionale\" \/>\n<meta name=\"robots\" content=\"index, follow, max-snippet:-1, max-image-preview:large, max-video-preview:-1\" \/>\n<link rel=\"canonical\" href=\"https:\/\/www.oliorivieraligure.it\/news\/assaggia-la-liguria-vola-alla-fiera-internazionale-di-marsiglia\/\" \/>\n<meta name=\"twitter:label1\" content=\"Written by\" \/>\n\t<meta name=\"twitter:data1\" content=\"Alessandro Giacobbe\" \/>\n\t<meta name=\"twitter:label2\" content=\"Est. reading time\" \/>\n\t<meta name=\"twitter:data2\" content=\"2 minutes\" \/>\n<script type=\"application\/ld+json\" class=\"yoast-schema-graph\">{\"@context\":\"https:\/\/schema.org\",\"@graph\":[{\"@type\":\"Article\",\"@id\":\"https:\/\/www.oliorivieraligure.it\/news\/assaggia-la-liguria-vola-alla-fiera-internazionale-di-marsiglia\/#article\",\"isPartOf\":{\"@id\":\"https:\/\/www.oliorivieraligure.it\/news\/assaggia-la-liguria-vola-alla-fiera-internazionale-di-marsiglia\/\"},\"author\":{\"name\":\"Alessandro Giacobbe\",\"@id\":\"https:\/\/www.oliorivieraligure.it\/#\/schema\/person\/ea22ed2165681d8668134e18b3802ce7\"},\"headline\":\"ASSAGGIA LA LIGURIA VOLA ALLA FIERA INTERNAZIONALE DI MARSIGLIA\",\"datePublished\":\"2023-09-26T20:24:57+00:00\",\"mainEntityOfPage\":{\"@id\":\"https:\/\/www.oliorivieraligure.it\/news\/assaggia-la-liguria-vola-alla-fiera-internazionale-di-marsiglia\/\"},\"wordCount\":221,\"publisher\":{\"@id\":\"https:\/\/www.oliorivieraligure.it\/#organization\"},\"image\":{\"@id\":\"https:\/\/www.oliorivieraligure.it\/news\/assaggia-la-liguria-vola-alla-fiera-internazionale-di-marsiglia\/#primaryimage\"},\"thumbnailUrl\":\"https:\/\/i0.wp.com\/www.oliorivieraligure.it\/wp-content\/uploads\/2023\/09\/header_2023.jpg?fit=1920%2C480&ssl=1\",\"keywords\":[\"#lamialiguria\",\"#oliodoprivieraligure\",\"#oliorivieraliguredop\",\"Assaggia la Liguria\",\"Basilico Genovese DOP\",\"Fiera di Marsiglia\",\"Foire de Marseille\"],\"articleSection\":[\"News\"],\"inLanguage\":\"en-US\"},{\"@type\":\"WebPage\",\"@id\":\"https:\/\/www.oliorivieraligure.it\/news\/assaggia-la-liguria-vola-alla-fiera-internazionale-di-marsiglia\/\",\"url\":\"https:\/\/www.oliorivieraligure.it\/news\/assaggia-la-liguria-vola-alla-fiera-internazionale-di-marsiglia\/\",\"name\":\"[:it]ASSAGGIA LA LIGURIA VOLA ALLA FIERA INTERNAZIONALE DI MARSIGLIA[:] - Consorzio di Tutela Olio DOP Riviera Ligure\",\"isPartOf\":{\"@id\":\"https:\/\/www.oliorivieraligure.it\/#website\"},\"primaryImageOfPage\":{\"@id\":\"https:\/\/www.oliorivieraligure.it\/news\/assaggia-la-liguria-vola-alla-fiera-internazionale-di-marsiglia\/#primaryimage\"},\"image\":{\"@id\":\"https:\/\/www.oliorivieraligure.it\/news\/assaggia-la-liguria-vola-alla-fiera-internazionale-di-marsiglia\/#primaryimage\"},\"thumbnailUrl\":\"https:\/\/i0.wp.com\/www.oliorivieraligure.it\/wp-content\/uploads\/2023\/09\/header_2023.jpg?fit=1920%2C480&ssl=1\",\"datePublished\":\"2023-09-26T20:24:57+00:00\",\"description\":\"Foire de Marseille Fiera di Marsiglia 22 settembre al 2 ottobre 2023 #assaggialaligura #oliorivieraliguredop laboratorio emozionale\",\"breadcrumb\":{\"@id\":\"https:\/\/www.oliorivieraligure.it\/news\/assaggia-la-liguria-vola-alla-fiera-internazionale-di-marsiglia\/#breadcrumb\"},\"inLanguage\":\"en-US\",\"potentialAction\":[{\"@type\":\"ReadAction\",\"target\":[\"https:\/\/www.oliorivieraligure.it\/news\/assaggia-la-liguria-vola-alla-fiera-internazionale-di-marsiglia\/\"]}]},{\"@type\":\"ImageObject\",\"inLanguage\":\"en-US\",\"@id\":\"https:\/\/www.oliorivieraligure.it\/news\/assaggia-la-liguria-vola-alla-fiera-internazionale-di-marsiglia\/#primaryimage\",\"url\":\"https:\/\/i0.wp.com\/www.oliorivieraligure.it\/wp-content\/uploads\/2023\/09\/header_2023.jpg?fit=1920%2C480&ssl=1\",\"contentUrl\":\"https:\/\/i0.wp.com\/www.oliorivieraligure.it\/wp-content\/uploads\/2023\/09\/header_2023.jpg?fit=1920%2C480&ssl=1\",\"width\":1920,\"height\":480},{\"@type\":\"BreadcrumbList\",\"@id\":\"https:\/\/www.oliorivieraligure.it\/news\/assaggia-la-liguria-vola-alla-fiera-internazionale-di-marsiglia\/#breadcrumb\",\"itemListElement\":[{\"@type\":\"ListItem\",\"position\":1,\"name\":\"Home\",\"item\":\"https:\/\/www.oliorivieraligure.it\/\"},{\"@type\":\"ListItem\",\"position\":2,\"name\":\"ASSAGGIA LA LIGURIA VOLA ALLA FIERA INTERNAZIONALE DI MARSIGLIA\"}]},{\"@type\":\"WebSite\",\"@id\":\"https:\/\/www.oliorivieraligure.it\/#website\",\"url\":\"https:\/\/www.oliorivieraligure.it\/\",\"name\":\"Consorzio di Tutela Olio DOP Riviera Ligure\",\"description\":\"Tutta la nostra passione da sempre. Naturalmente.\",\"publisher\":{\"@id\":\"https:\/\/www.oliorivieraligure.it\/#organization\"},\"potentialAction\":[{\"@type\":\"SearchAction\",\"target\":{\"@type\":\"EntryPoint\",\"urlTemplate\":\"https:\/\/www.oliorivieraligure.it\/?s={search_term_string}\"},\"query-input\":{\"@type\":\"PropertyValueSpecification\",\"valueRequired\":true,\"valueName\":\"search_term_string\"}}],\"inLanguage\":\"en-US\"},{\"@type\":\"Organization\",\"@id\":\"https:\/\/www.oliorivieraligure.it\/#organization\",\"name\":\"Consorzio per la Tutela dell'Olio DOP Riviera Ligure\",\"url\":\"https:\/\/www.oliorivieraligure.it\/\",\"logo\":{\"@type\":\"ImageObject\",\"inLanguage\":\"en-US\",\"@id\":\"https:\/\/www.oliorivieraligure.it\/#\/schema\/logo\/image\/\",\"url\":\"https:\/\/i2.wp.com\/www.oliorivieraligure.it\/wp-content\/uploads\/2016\/11\/logoconsorzio.jpg?fit=1040%2C520&ssl=1\",\"contentUrl\":\"https:\/\/i2.wp.com\/www.oliorivieraligure.it\/wp-content\/uploads\/2016\/11\/logoconsorzio.jpg?fit=1040%2C520&ssl=1\",\"width\":1040,\"height\":520,\"caption\":\"Consorzio per la Tutela dell'Olio DOP Riviera Ligure\"},\"image\":{\"@id\":\"https:\/\/www.oliorivieraligure.it\/#\/schema\/logo\/image\/\"}},{\"@type\":\"Person\",\"@id\":\"https:\/\/www.oliorivieraligure.it\/#\/schema\/person\/ea22ed2165681d8668134e18b3802ce7\",\"name\":\"Alessandro Giacobbe\",\"url\":\"https:\/\/www.oliorivieraligure.it\/en\/author\/agiacobbe\/\"}]}<\/script>\n<!-- \/ Yoast SEO plugin. -->","yoast_head_json":{"title":"[:it]ASSAGGIA LA LIGURIA VOLA ALLA FIERA INTERNAZIONALE DI MARSIGLIA[:] - Consorzio di Tutela Olio DOP Riviera Ligure","description":"Foire de Marseille Fiera di Marsiglia 22 settembre al 2 ottobre 2023 #assaggialaligura #oliorivieraliguredop laboratorio emozionale","robots":{"index":"index","follow":"follow","max-snippet":"max-snippet:-1","max-image-preview":"max-image-preview:large","max-video-preview":"max-video-preview:-1"},"canonical":"https:\/\/www.oliorivieraligure.it\/news\/assaggia-la-liguria-vola-alla-fiera-internazionale-di-marsiglia\/","twitter_misc":{"Written by":"Alessandro Giacobbe","Est. reading time":"2 minutes"},"schema":{"@context":"https:\/\/schema.org","@graph":[{"@type":"Article","@id":"https:\/\/www.oliorivieraligure.it\/news\/assaggia-la-liguria-vola-alla-fiera-internazionale-di-marsiglia\/#article","isPartOf":{"@id":"https:\/\/www.oliorivieraligure.it\/news\/assaggia-la-liguria-vola-alla-fiera-internazionale-di-marsiglia\/"},"author":{"name":"Alessandro Giacobbe","@id":"https:\/\/www.oliorivieraligure.it\/#\/schema\/person\/ea22ed2165681d8668134e18b3802ce7"},"headline":"ASSAGGIA LA LIGURIA VOLA ALLA FIERA INTERNAZIONALE DI MARSIGLIA","datePublished":"2023-09-26T20:24:57+00:00","mainEntityOfPage":{"@id":"https:\/\/www.oliorivieraligure.it\/news\/assaggia-la-liguria-vola-alla-fiera-internazionale-di-marsiglia\/"},"wordCount":221,"publisher":{"@id":"https:\/\/www.oliorivieraligure.it\/#organization"},"image":{"@id":"https:\/\/www.oliorivieraligure.it\/news\/assaggia-la-liguria-vola-alla-fiera-internazionale-di-marsiglia\/#primaryimage"},"thumbnailUrl":"https:\/\/i0.wp.com\/www.oliorivieraligure.it\/wp-content\/uploads\/2023\/09\/header_2023.jpg?fit=1920%2C480&ssl=1","keywords":["#lamialiguria","#oliodoprivieraligure","#oliorivieraliguredop","Assaggia la Liguria","Basilico Genovese DOP","Fiera di Marsiglia","Foire de Marseille"],"articleSection":["News"],"inLanguage":"en-US"},{"@type":"WebPage","@id":"https:\/\/www.oliorivieraligure.it\/news\/assaggia-la-liguria-vola-alla-fiera-internazionale-di-marsiglia\/","url":"https:\/\/www.oliorivieraligure.it\/news\/assaggia-la-liguria-vola-alla-fiera-internazionale-di-marsiglia\/","name":"[:it]ASSAGGIA LA LIGURIA VOLA ALLA FIERA INTERNAZIONALE DI MARSIGLIA[:] - Consorzio di Tutela Olio DOP Riviera Ligure","isPartOf":{"@id":"https:\/\/www.oliorivieraligure.it\/#website"},"primaryImageOfPage":{"@id":"https:\/\/www.oliorivieraligure.it\/news\/assaggia-la-liguria-vola-alla-fiera-internazionale-di-marsiglia\/#primaryimage"},"image":{"@id":"https:\/\/www.oliorivieraligure.it\/news\/assaggia-la-liguria-vola-alla-fiera-internazionale-di-marsiglia\/#primaryimage"},"thumbnailUrl":"https:\/\/i0.wp.com\/www.oliorivieraligure.it\/wp-content\/uploads\/2023\/09\/header_2023.jpg?fit=1920%2C480&ssl=1","datePublished":"2023-09-26T20:24:57+00:00","description":"Foire de Marseille Fiera di Marsiglia 22 settembre al 2 ottobre 2023 #assaggialaligura #oliorivieraliguredop laboratorio emozionale","breadcrumb":{"@id":"https:\/\/www.oliorivieraligure.it\/news\/assaggia-la-liguria-vola-alla-fiera-internazionale-di-marsiglia\/#breadcrumb"},"inLanguage":"en-US","potentialAction":[{"@type":"ReadAction","target":["https:\/\/www.oliorivieraligure.it\/news\/assaggia-la-liguria-vola-alla-fiera-internazionale-di-marsiglia\/"]}]},{"@type":"ImageObject","inLanguage":"en-US","@id":"https:\/\/www.oliorivieraligure.it\/news\/assaggia-la-liguria-vola-alla-fiera-internazionale-di-marsiglia\/#primaryimage","url":"https:\/\/i0.wp.com\/www.oliorivieraligure.it\/wp-content\/uploads\/2023\/09\/header_2023.jpg?fit=1920%2C480&ssl=1","contentUrl":"https:\/\/i0.wp.com\/www.oliorivieraligure.it\/wp-content\/uploads\/2023\/09\/header_2023.jpg?fit=1920%2C480&ssl=1","width":1920,"height":480},{"@type":"BreadcrumbList","@id":"https:\/\/www.oliorivieraligure.it\/news\/assaggia-la-liguria-vola-alla-fiera-internazionale-di-marsiglia\/#breadcrumb","itemListElement":[{"@type":"ListItem","position":1,"name":"Home","item":"https:\/\/www.oliorivieraligure.it\/"},{"@type":"ListItem","position":2,"name":"ASSAGGIA LA LIGURIA VOLA ALLA FIERA INTERNAZIONALE DI MARSIGLIA"}]},{"@type":"WebSite","@id":"https:\/\/www.oliorivieraligure.it\/#website","url":"https:\/\/www.oliorivieraligure.it\/","name":"Consorzio di Tutela Olio DOP Riviera Ligure","description":"Tutta la nostra passione da sempre. Naturalmente.","publisher":{"@id":"https:\/\/www.oliorivieraligure.it\/#organization"},"potentialAction":[{"@type":"SearchAction","target":{"@type":"EntryPoint","urlTemplate":"https:\/\/www.oliorivieraligure.it\/?s={search_term_string}"},"query-input":{"@type":"PropertyValueSpecification","valueRequired":true,"valueName":"search_term_string"}}],"inLanguage":"en-US"},{"@type":"Organization","@id":"https:\/\/www.oliorivieraligure.it\/#organization","name":"Consorzio per la Tutela dell'Olio DOP Riviera Ligure","url":"https:\/\/www.oliorivieraligure.it\/","logo":{"@type":"ImageObject","inLanguage":"en-US","@id":"https:\/\/www.oliorivieraligure.it\/#\/schema\/logo\/image\/","url":"https:\/\/i2.wp.com\/www.oliorivieraligure.it\/wp-content\/uploads\/2016\/11\/logoconsorzio.jpg?fit=1040%2C520&ssl=1","contentUrl":"https:\/\/i2.wp.com\/www.oliorivieraligure.it\/wp-content\/uploads\/2016\/11\/logoconsorzio.jpg?fit=1040%2C520&ssl=1","width":1040,"height":520,"caption":"Consorzio per la Tutela dell'Olio DOP Riviera Ligure"},"image":{"@id":"https:\/\/www.oliorivieraligure.it\/#\/schema\/logo\/image\/"}},{"@type":"Person","@id":"https:\/\/www.oliorivieraligure.it\/#\/schema\/person\/ea22ed2165681d8668134e18b3802ce7","name":"Alessandro Giacobbe","url":"https:\/\/www.oliorivieraligure.it\/en\/author\/agiacobbe\/"}]}},"jetpack_publicize_connections":[],"jetpack_featured_media_url":"https:\/\/i0.wp.com\/www.oliorivieraligure.it\/wp-content\/uploads\/2023\/09\/header_2023.jpg?fit=1920%2C480&ssl=1","jetpack_shortlink":"https:\/\/wp.me\/p1pXCP-20L","jetpack_sharing_enabled":true,"_links":{"self":[{"href":"https:\/\/www.oliorivieraligure.it\/en\/wp-json\/wp\/v2\/posts\/7735","targetHints":{"allow":["GET"]}}],"collection":[{"href":"https:\/\/www.oliorivieraligure.it\/en\/wp-json\/wp\/v2\/posts"}],"about":[{"href":"https:\/\/www.oliorivieraligure.it\/en\/wp-json\/wp\/v2\/types\/post"}],"author":[{"embeddable":true,"href":"https:\/\/www.oliorivieraligure.it\/en\/wp-json\/wp\/v2\/users\/12"}],"replies":[{"embeddable":true,"href":"https:\/\/www.oliorivieraligure.it\/en\/wp-json\/wp\/v2\/comments?post=7735"}],"version-history":[{"count":0,"href":"https:\/\/www.oliorivieraligure.it\/en\/wp-json\/wp\/v2\/posts\/7735\/revisions"}],"wp:featuredmedia":[{"embeddable":true,"href":"https:\/\/www.oliorivieraligure.it\/en\/wp-json\/wp\/v2\/media\/7736"}],"wp:attachment":[{"href":"https:\/\/www.oliorivieraligure.it\/en\/wp-json\/wp\/v2\/media?parent=7735"}],"wp:term":[{"taxonomy":"category","embeddable":true,"href":"https:\/\/www.oliorivieraligure.it\/en\/wp-json\/wp\/v2\/categories?post=7735"},{"taxonomy":"post_tag","embeddable":true,"href":"https:\/\/www.oliorivieraligure.it\/en\/wp-json\/wp\/v2\/tags?post=7735"}],"curies":[{"name":"wp","href":"https:\/\/api.w.org\/{rel}","templated":true}]}}