{"id":8892,"date":"2024-07-29T11:14:37","date_gmt":"2024-07-29T09:14:37","guid":{"rendered":"https:\/\/www.oliorivieraligure.it\/?p=8892"},"modified":"2024-07-29T12:31:12","modified_gmt":"2024-07-29T10:31:12","slug":"premio-leivi-lucchi-e-guastalli-concede-il-bis","status":"publish","type":"post","link":"https:\/\/www.oliorivieraligure.it\/en\/news\/premio-leivi-lucchi-e-guastalli-concede-il-bis\/","title":{"rendered":"Premio Leivi, Lucchi e Guastalli concede il bis"},"content":{"rendered":"<p class=\"qtranxs-available-languages-message qtranxs-available-languages-message-en\">Sorry, this entry is only available in <a href=\"https:\/\/www.oliorivieraligure.it\/it\/wp-json\/wp\/v2\/posts\/8892\" class=\"qtranxs-available-language-link qtranxs-available-language-link-it\" title=\"Italiano\">Italiano<\/a>. For the sake of viewer convenience, the content is shown below in the alternative language. You may click the link to switch the active language.<\/p><p>Spazi di visibilit\u00e0 e un\u2019altra bella vetrina per l\u2019olio Riviera Ligure DOP nell\u2019ambito del Premio Leivi, la cui 29<sup>a<\/sup> edizione ha avuto luogo nei giorni scorsi. Un evento che da sempre valorizza la filiera olivicola-olearia delle province di Genova e La Spezia, favorendo la conoscenza del prodotto ed incentivando gli operatori alla certificazione DOP.<br \/>\nAl primo posto nella categoria riservata all\u2019olio Riviera Ligure DOP del Levante si sono piazzate a pari merito le produzioni di due realt\u00e0 spezzine che fanno capo alla stessa propriet\u00e0: Olea Albero della Vita Riviera Ligure DOP del Frantoio Lucchi e Guastalli, monocultivar Razzola coltivata a Santo Stefano Magra, e Terre d\u2019Amare Riviera Ligure DOP dell\u2019Azienda Agricola Lucchi e Guastalli, variet\u00e0 Frantoio e Leccino, coltivate a Riomaggiore. Per l\u2019Azienda Agricola Lucchi e Guastalli di Maria Laura Landi si tratta del bis ad un anno di distanza. Il secondo premio \u00e8 stato invece assegnato all\u2019olio Riviera Ligure DOP dell\u2019Azienda Agricola Solari Massimo di Chiavari, mentre terzi \u00e8 risultato l\u2019olio Riviera Ligure DOP della Favola della Mignola \u2013 Oliveto di Mozart di Lavagna.<br \/>\nAi vincitori la Camera di Commercio di Genova ha offerto un\u2019ulteriore occasione di promozione, con una speciale degustazione rivolta ai ristoratori di Genova Liguria Gourmet durante una speciale seduta condotta dal Capo Panel del Comitato di assaggio professionale degli oli di oliva vergini della stessa Camera di Commercio.<br \/>\nUn plauso va all\u2019organizzazione, curata dal Comune di Leivi con la collaborazione della Camera di Commercio di Genova, ed a tutti i produttori di olio extra vergine di oliva Riviera Ligure DOP Riviera di Levante per aver preso parte al concorso e per il costante impegno nella produzione di questa eccellenza certificata nella sua origine e nella sua qualit\u00e0. La speranza \u00e8 che sempre pi\u00f9 ristoratori liguri propongano sui loro tavoli un olio che porta il nome dello stesso territorio.<\/p>\n<p><\/p>","protected":false},"excerpt":{"rendered":"<p>Sorry, this entry is only available in Italiano. For the sake of viewer convenience, the content is shown below in the alternative language. You may click the link to switch the active language.Spazi di visibilit\u00e0 e un\u2019altra bella vetrina per l\u2019olio Riviera Ligure DOP nell\u2019ambito del Premio Leivi, la cui 29a edizione ha avuto luogo [&hellip;]<\/p>\n","protected":false},"author":12,"featured_media":8893,"comment_status":"closed","ping_status":"closed","sticky":false,"template":"","format":"standard","meta":{"_genesis_hide_title":false,"_genesis_hide_breadcrumbs":false,"_genesis_hide_singular_image":false,"_genesis_hide_footer_widgets":false,"_genesis_custom_body_class":"","_genesis_custom_post_class":"","_genesis_layout":"","jetpack_post_was_ever_published":false,"_jetpack_newsletter_access":"","_jetpack_dont_email_post_to_subs":false,"_jetpack_newsletter_tier_id":0,"_jetpack_memberships_contains_paywalled_content":false,"_jetpack_memberships_contains_paid_content":false,"footnotes":"","jetpack_publicize_message":"","jetpack_publicize_feature_enabled":true,"jetpack_social_post_already_shared":true,"jetpack_social_options":{"image_generator_settings":{"template":"highway","enabled":false},"version":2}},"categories":[1],"tags":[],"class_list":{"0":"post-8892","1":"post","2":"type-post","3":"status-publish","4":"format-standard","5":"has-post-thumbnail","7":"category-news","8":"entry"},"yoast_head":"<!-- This site is optimized with the Yoast SEO plugin v25.1 - https:\/\/yoast.com\/wordpress\/plugins\/seo\/ -->\n<title><\/title>\n<meta name=\"robots\" content=\"index, follow, max-snippet:-1, max-image-preview:large, max-video-preview:-1\" \/>\n<link rel=\"canonical\" href=\"https:\/\/www.oliorivieraligure.it\/news\/premio-leivi-lucchi-e-guastalli-concede-il-bis\/\" \/>\n<meta name=\"twitter:label1\" content=\"Written by\" \/>\n\t<meta name=\"twitter:data1\" content=\"Alessandro Giacobbe\" \/>\n\t<meta name=\"twitter:label2\" content=\"Est. reading time\" \/>\n\t<meta name=\"twitter:data2\" content=\"2 minutes\" \/>\n<script type=\"application\/ld+json\" class=\"yoast-schema-graph\">{\"@context\":\"https:\/\/schema.org\",\"@graph\":[{\"@type\":\"Article\",\"@id\":\"https:\/\/www.oliorivieraligure.it\/news\/premio-leivi-lucchi-e-guastalli-concede-il-bis\/#article\",\"isPartOf\":{\"@id\":\"https:\/\/www.oliorivieraligure.it\/news\/premio-leivi-lucchi-e-guastalli-concede-il-bis\/\"},\"author\":{\"name\":\"Alessandro Giacobbe\",\"@id\":\"https:\/\/www.oliorivieraligure.it\/#\/schema\/person\/ea22ed2165681d8668134e18b3802ce7\"},\"headline\":\"Premio Leivi, Lucchi e Guastalli concede il bis\",\"datePublished\":\"2024-07-29T09:14:37+00:00\",\"dateModified\":\"2024-07-29T10:31:12+00:00\",\"mainEntityOfPage\":{\"@id\":\"https:\/\/www.oliorivieraligure.it\/news\/premio-leivi-lucchi-e-guastalli-concede-il-bis\/\"},\"wordCount\":321,\"publisher\":{\"@id\":\"https:\/\/www.oliorivieraligure.it\/#organization\"},\"image\":{\"@id\":\"https:\/\/www.oliorivieraligure.it\/news\/premio-leivi-lucchi-e-guastalli-concede-il-bis\/#primaryimage\"},\"thumbnailUrl\":\"https:\/\/i0.wp.com\/www.oliorivieraligure.it\/wp-content\/uploads\/2024\/07\/Paolo-Corsiglia-con-i-vincitori-coldiretti-premio-Olio-DOP.jpeg?fit=1600%2C1200&ssl=1\",\"articleSection\":[\"News\"],\"inLanguage\":\"en-US\"},{\"@type\":\"WebPage\",\"@id\":\"https:\/\/www.oliorivieraligure.it\/news\/premio-leivi-lucchi-e-guastalli-concede-il-bis\/\",\"url\":\"https:\/\/www.oliorivieraligure.it\/news\/premio-leivi-lucchi-e-guastalli-concede-il-bis\/\",\"name\":\"[:it]Premio Leivi, Lucchi e Guastalli concede il bis[:] - Consorzio di Tutela Olio DOP Riviera Ligure\",\"isPartOf\":{\"@id\":\"https:\/\/www.oliorivieraligure.it\/#website\"},\"primaryImageOfPage\":{\"@id\":\"https:\/\/www.oliorivieraligure.it\/news\/premio-leivi-lucchi-e-guastalli-concede-il-bis\/#primaryimage\"},\"image\":{\"@id\":\"https:\/\/www.oliorivieraligure.it\/news\/premio-leivi-lucchi-e-guastalli-concede-il-bis\/#primaryimage\"},\"thumbnailUrl\":\"https:\/\/i0.wp.com\/www.oliorivieraligure.it\/wp-content\/uploads\/2024\/07\/Paolo-Corsiglia-con-i-vincitori-coldiretti-premio-Olio-DOP.jpeg?fit=1600%2C1200&ssl=1\",\"datePublished\":\"2024-07-29T09:14:37+00:00\",\"dateModified\":\"2024-07-29T10:31:12+00:00\",\"breadcrumb\":{\"@id\":\"https:\/\/www.oliorivieraligure.it\/news\/premio-leivi-lucchi-e-guastalli-concede-il-bis\/#breadcrumb\"},\"inLanguage\":\"en-US\",\"potentialAction\":[{\"@type\":\"ReadAction\",\"target\":[\"https:\/\/www.oliorivieraligure.it\/news\/premio-leivi-lucchi-e-guastalli-concede-il-bis\/\"]}]},{\"@type\":\"ImageObject\",\"inLanguage\":\"en-US\",\"@id\":\"https:\/\/www.oliorivieraligure.it\/news\/premio-leivi-lucchi-e-guastalli-concede-il-bis\/#primaryimage\",\"url\":\"https:\/\/i0.wp.com\/www.oliorivieraligure.it\/wp-content\/uploads\/2024\/07\/Paolo-Corsiglia-con-i-vincitori-coldiretti-premio-Olio-DOP.jpeg?fit=1600%2C1200&ssl=1\",\"contentUrl\":\"https:\/\/i0.wp.com\/www.oliorivieraligure.it\/wp-content\/uploads\/2024\/07\/Paolo-Corsiglia-con-i-vincitori-coldiretti-premio-Olio-DOP.jpeg?fit=1600%2C1200&ssl=1\",\"width\":1600,\"height\":1200},{\"@type\":\"BreadcrumbList\",\"@id\":\"https:\/\/www.oliorivieraligure.it\/news\/premio-leivi-lucchi-e-guastalli-concede-il-bis\/#breadcrumb\",\"itemListElement\":[{\"@type\":\"ListItem\",\"position\":1,\"name\":\"Home\",\"item\":\"https:\/\/www.oliorivieraligure.it\/\"},{\"@type\":\"ListItem\",\"position\":2,\"name\":\"Premio Leivi, Lucchi e Guastalli concede il bis\"}]},{\"@type\":\"WebSite\",\"@id\":\"https:\/\/www.oliorivieraligure.it\/#website\",\"url\":\"https:\/\/www.oliorivieraligure.it\/\",\"name\":\"Consorzio di Tutela Olio DOP Riviera Ligure\",\"description\":\"Tutta la nostra passione da sempre. Naturalmente.\",\"publisher\":{\"@id\":\"https:\/\/www.oliorivieraligure.it\/#organization\"},\"potentialAction\":[{\"@type\":\"SearchAction\",\"target\":{\"@type\":\"EntryPoint\",\"urlTemplate\":\"https:\/\/www.oliorivieraligure.it\/?s={search_term_string}\"},\"query-input\":{\"@type\":\"PropertyValueSpecification\",\"valueRequired\":true,\"valueName\":\"search_term_string\"}}],\"inLanguage\":\"en-US\"},{\"@type\":\"Organization\",\"@id\":\"https:\/\/www.oliorivieraligure.it\/#organization\",\"name\":\"Consorzio per la Tutela dell'Olio DOP Riviera Ligure\",\"url\":\"https:\/\/www.oliorivieraligure.it\/\",\"logo\":{\"@type\":\"ImageObject\",\"inLanguage\":\"en-US\",\"@id\":\"https:\/\/www.oliorivieraligure.it\/#\/schema\/logo\/image\/\",\"url\":\"https:\/\/i2.wp.com\/www.oliorivieraligure.it\/wp-content\/uploads\/2016\/11\/logoconsorzio.jpg?fit=1040%2C520&ssl=1\",\"contentUrl\":\"https:\/\/i2.wp.com\/www.oliorivieraligure.it\/wp-content\/uploads\/2016\/11\/logoconsorzio.jpg?fit=1040%2C520&ssl=1\",\"width\":1040,\"height\":520,\"caption\":\"Consorzio per la Tutela dell'Olio DOP Riviera Ligure\"},\"image\":{\"@id\":\"https:\/\/www.oliorivieraligure.it\/#\/schema\/logo\/image\/\"}},{\"@type\":\"Person\",\"@id\":\"https:\/\/www.oliorivieraligure.it\/#\/schema\/person\/ea22ed2165681d8668134e18b3802ce7\",\"name\":\"Alessandro Giacobbe\",\"url\":\"https:\/\/www.oliorivieraligure.it\/en\/author\/agiacobbe\/\"}]}<\/script>\n<!-- \/ Yoast SEO plugin. -->","yoast_head_json":{"title":"[:it]Premio Leivi, Lucchi e Guastalli concede il bis[:] - Consorzio di Tutela Olio DOP Riviera Ligure","robots":{"index":"index","follow":"follow","max-snippet":"max-snippet:-1","max-image-preview":"max-image-preview:large","max-video-preview":"max-video-preview:-1"},"canonical":"https:\/\/www.oliorivieraligure.it\/news\/premio-leivi-lucchi-e-guastalli-concede-il-bis\/","twitter_misc":{"Written by":"Alessandro Giacobbe","Est. reading time":"2 minutes"},"schema":{"@context":"https:\/\/schema.org","@graph":[{"@type":"Article","@id":"https:\/\/www.oliorivieraligure.it\/news\/premio-leivi-lucchi-e-guastalli-concede-il-bis\/#article","isPartOf":{"@id":"https:\/\/www.oliorivieraligure.it\/news\/premio-leivi-lucchi-e-guastalli-concede-il-bis\/"},"author":{"name":"Alessandro Giacobbe","@id":"https:\/\/www.oliorivieraligure.it\/#\/schema\/person\/ea22ed2165681d8668134e18b3802ce7"},"headline":"Premio Leivi, Lucchi e Guastalli concede il bis","datePublished":"2024-07-29T09:14:37+00:00","dateModified":"2024-07-29T10:31:12+00:00","mainEntityOfPage":{"@id":"https:\/\/www.oliorivieraligure.it\/news\/premio-leivi-lucchi-e-guastalli-concede-il-bis\/"},"wordCount":321,"publisher":{"@id":"https:\/\/www.oliorivieraligure.it\/#organization"},"image":{"@id":"https:\/\/www.oliorivieraligure.it\/news\/premio-leivi-lucchi-e-guastalli-concede-il-bis\/#primaryimage"},"thumbnailUrl":"https:\/\/i0.wp.com\/www.oliorivieraligure.it\/wp-content\/uploads\/2024\/07\/Paolo-Corsiglia-con-i-vincitori-coldiretti-premio-Olio-DOP.jpeg?fit=1600%2C1200&ssl=1","articleSection":["News"],"inLanguage":"en-US"},{"@type":"WebPage","@id":"https:\/\/www.oliorivieraligure.it\/news\/premio-leivi-lucchi-e-guastalli-concede-il-bis\/","url":"https:\/\/www.oliorivieraligure.it\/news\/premio-leivi-lucchi-e-guastalli-concede-il-bis\/","name":"[:it]Premio Leivi, Lucchi e Guastalli concede il bis[:] - Consorzio di Tutela Olio DOP Riviera Ligure","isPartOf":{"@id":"https:\/\/www.oliorivieraligure.it\/#website"},"primaryImageOfPage":{"@id":"https:\/\/www.oliorivieraligure.it\/news\/premio-leivi-lucchi-e-guastalli-concede-il-bis\/#primaryimage"},"image":{"@id":"https:\/\/www.oliorivieraligure.it\/news\/premio-leivi-lucchi-e-guastalli-concede-il-bis\/#primaryimage"},"thumbnailUrl":"https:\/\/i0.wp.com\/www.oliorivieraligure.it\/wp-content\/uploads\/2024\/07\/Paolo-Corsiglia-con-i-vincitori-coldiretti-premio-Olio-DOP.jpeg?fit=1600%2C1200&ssl=1","datePublished":"2024-07-29T09:14:37+00:00","dateModified":"2024-07-29T10:31:12+00:00","breadcrumb":{"@id":"https:\/\/www.oliorivieraligure.it\/news\/premio-leivi-lucchi-e-guastalli-concede-il-bis\/#breadcrumb"},"inLanguage":"en-US","potentialAction":[{"@type":"ReadAction","target":["https:\/\/www.oliorivieraligure.it\/news\/premio-leivi-lucchi-e-guastalli-concede-il-bis\/"]}]},{"@type":"ImageObject","inLanguage":"en-US","@id":"https:\/\/www.oliorivieraligure.it\/news\/premio-leivi-lucchi-e-guastalli-concede-il-bis\/#primaryimage","url":"https:\/\/i0.wp.com\/www.oliorivieraligure.it\/wp-content\/uploads\/2024\/07\/Paolo-Corsiglia-con-i-vincitori-coldiretti-premio-Olio-DOP.jpeg?fit=1600%2C1200&ssl=1","contentUrl":"https:\/\/i0.wp.com\/www.oliorivieraligure.it\/wp-content\/uploads\/2024\/07\/Paolo-Corsiglia-con-i-vincitori-coldiretti-premio-Olio-DOP.jpeg?fit=1600%2C1200&ssl=1","width":1600,"height":1200},{"@type":"BreadcrumbList","@id":"https:\/\/www.oliorivieraligure.it\/news\/premio-leivi-lucchi-e-guastalli-concede-il-bis\/#breadcrumb","itemListElement":[{"@type":"ListItem","position":1,"name":"Home","item":"https:\/\/www.oliorivieraligure.it\/"},{"@type":"ListItem","position":2,"name":"Premio Leivi, Lucchi e Guastalli concede il bis"}]},{"@type":"WebSite","@id":"https:\/\/www.oliorivieraligure.it\/#website","url":"https:\/\/www.oliorivieraligure.it\/","name":"Consorzio di Tutela Olio DOP Riviera Ligure","description":"Tutta la nostra passione da sempre. Naturalmente.","publisher":{"@id":"https:\/\/www.oliorivieraligure.it\/#organization"},"potentialAction":[{"@type":"SearchAction","target":{"@type":"EntryPoint","urlTemplate":"https:\/\/www.oliorivieraligure.it\/?s={search_term_string}"},"query-input":{"@type":"PropertyValueSpecification","valueRequired":true,"valueName":"search_term_string"}}],"inLanguage":"en-US"},{"@type":"Organization","@id":"https:\/\/www.oliorivieraligure.it\/#organization","name":"Consorzio per la Tutela dell'Olio DOP Riviera Ligure","url":"https:\/\/www.oliorivieraligure.it\/","logo":{"@type":"ImageObject","inLanguage":"en-US","@id":"https:\/\/www.oliorivieraligure.it\/#\/schema\/logo\/image\/","url":"https:\/\/i2.wp.com\/www.oliorivieraligure.it\/wp-content\/uploads\/2016\/11\/logoconsorzio.jpg?fit=1040%2C520&ssl=1","contentUrl":"https:\/\/i2.wp.com\/www.oliorivieraligure.it\/wp-content\/uploads\/2016\/11\/logoconsorzio.jpg?fit=1040%2C520&ssl=1","width":1040,"height":520,"caption":"Consorzio per la Tutela dell'Olio DOP Riviera Ligure"},"image":{"@id":"https:\/\/www.oliorivieraligure.it\/#\/schema\/logo\/image\/"}},{"@type":"Person","@id":"https:\/\/www.oliorivieraligure.it\/#\/schema\/person\/ea22ed2165681d8668134e18b3802ce7","name":"Alessandro Giacobbe","url":"https:\/\/www.oliorivieraligure.it\/en\/author\/agiacobbe\/"}]}},"jetpack_publicize_connections":[],"jetpack_featured_media_url":"https:\/\/i0.wp.com\/www.oliorivieraligure.it\/wp-content\/uploads\/2024\/07\/Paolo-Corsiglia-con-i-vincitori-coldiretti-premio-Olio-DOP.jpeg?fit=1600%2C1200&ssl=1","jetpack_shortlink":"https:\/\/wp.me\/p1pXCP-2jq","jetpack_sharing_enabled":true,"_links":{"self":[{"href":"https:\/\/www.oliorivieraligure.it\/en\/wp-json\/wp\/v2\/posts\/8892","targetHints":{"allow":["GET"]}}],"collection":[{"href":"https:\/\/www.oliorivieraligure.it\/en\/wp-json\/wp\/v2\/posts"}],"about":[{"href":"https:\/\/www.oliorivieraligure.it\/en\/wp-json\/wp\/v2\/types\/post"}],"author":[{"embeddable":true,"href":"https:\/\/www.oliorivieraligure.it\/en\/wp-json\/wp\/v2\/users\/12"}],"replies":[{"embeddable":true,"href":"https:\/\/www.oliorivieraligure.it\/en\/wp-json\/wp\/v2\/comments?post=8892"}],"version-history":[{"count":0,"href":"https:\/\/www.oliorivieraligure.it\/en\/wp-json\/wp\/v2\/posts\/8892\/revisions"}],"wp:featuredmedia":[{"embeddable":true,"href":"https:\/\/www.oliorivieraligure.it\/en\/wp-json\/wp\/v2\/media\/8893"}],"wp:attachment":[{"href":"https:\/\/www.oliorivieraligure.it\/en\/wp-json\/wp\/v2\/media?parent=8892"}],"wp:term":[{"taxonomy":"category","embeddable":true,"href":"https:\/\/www.oliorivieraligure.it\/en\/wp-json\/wp\/v2\/categories?post=8892"},{"taxonomy":"post_tag","embeddable":true,"href":"https:\/\/www.oliorivieraligure.it\/en\/wp-json\/wp\/v2\/tags?post=8892"}],"curies":[{"name":"wp","href":"https:\/\/api.w.org\/{rel}","templated":true}]}}