{"id":9146,"date":"2025-05-07T17:05:25","date_gmt":"2025-05-07T15:05:25","guid":{"rendered":"https:\/\/www.oliorivieraligure.it\/?p=9146"},"modified":"2025-05-07T17:05:25","modified_gmt":"2025-05-07T15:05:25","slug":"tempo-di-mignolatura","status":"publish","type":"post","link":"https:\/\/www.oliorivieraligure.it\/en\/agronomo\/tempo-di-mignolatura\/","title":{"rendered":"Tempo di mignolatura"},"content":{"rendered":"<p class=\"qtranxs-available-languages-message qtranxs-available-languages-message-en\">Sorry, this entry is only available in <a href=\"https:\/\/www.oliorivieraligure.it\/it\/wp-json\/wp\/v2\/posts\/9146\" class=\"qtranxs-available-language-link qtranxs-available-language-link-it\" title=\"Italiano\">Italiano<\/a>. For the sake of viewer convenience, the content is shown below in the alternative language. You may click the link to switch the active language.<\/p><p>Aprile 2025: all\u2019apparenza un normale inizio di primavera, in realt\u00e0 l\u2019ennesimo periodo di estremi.<\/p>\n<p>Questa fase del 2025 si mostra a due facce, una mite e l\u2019altra fortemente perturbata: una lunga fase perturbata ha visto importanti accumuli idrici in tutte le stazioni della Liguria che hanno raggiunto i 354 mm in pochi giorni (poco meno di met\u00e0 della pioggia cumulata di un anno rispetto alle serie storiche!) si \u00e8 alternata ai primi assaggi di caldo vero, con picchi veramente notevoli alternati a temperature leggermente inferiori alla norma. Nelle vallate imperiesi il picco di piovosit\u00e0 \u00e8 stato meno marcato rispetto a quello di altri areali liguri: i dati sono comunque impressionanti ed evidenziano per la valle Impero 140,20 mm di pioggia rispetto ad una media storica di 25,34 mm (incremento del 457%), mentre nei bacini del Nervia e delle Bormide si sono raggiunti valori addirittura superiori.<\/p>\n<p>L\u2019indice SPI (Standardized Precipitation Index) elaborato da ARPAL Liguria consente di definire lo stato di siccit\u00e0 in funzione della pioggia caduta, misurandone il deficit per diversi intervalli temporali (da 1 a 12 mesi); queste elaborazioni mostrano come per i vari intervalli da 1 a 6 mesi siano previste condizioni di umidit\u00e0 moderata, senza quindi episodi importanti di siccit\u00e0.<\/p>\n<p>(per approfondire: https:\/\/www.arpal.liguria.it\/tematiche\/meteo\/pubblicazioni-bis\/riepiloghi-mensili\/2025-riepiloghimensili.html\/).<\/p>\n<p>La potatura \u00e8 stata ultimata da poco, in leggero ritardo rispetto alle previsioni, attraverso un intervento di media intensit\u00e0 effettuato a carico di tutti gli esemplari, mantenendo la forma di allevamento delle piante vicina a quella riconducibile al vaso libero. Si sta valutando l\u2019opportunit\u00e0 di un trattamento a base di rame per limitare la diffusione della rogna, senza dimenticare l\u2019effetto sui batteri simbionti della mosca dell\u2019olivo (ca <em>Erwinia dacicola<\/em> che interviene nello sviluppo degli stadi larvali).<\/p>\n<p>Gli olivi dell\u2019oliveto dimostrativo si trovano nella fase fenologica della distensione delle mignole (BBCH54) che, rispetto al 2024, si mostra in leggero ritardo mentre nelle zone costiere della Liguria di ponente si \u00e8 prossimi all\u2019apertura dei fiori.<\/p>\n<p>La fase dell\u2019apertura dei fiori risulta particolarmente delicata e caratterizzata da vari fenomeni di cascola che portano dapprima alla caduta dei fiori imperfetti, di quelli non fecondati e successivamente dei fiori con ovario fecondato ma abortito (fenomeno dell\u2019aborto ovarico), in rapida successione e spesso sovrapposti tra loro anche in ragione della collocazione dei fiori nelle diverse porzioni della chioma, pi\u00f9 o meno esposte al sole. In questo periodo la maggiore o minore radiazione solare, in particolare la componente ultravioletta UV-B, potr\u00e0 determinare condizioni di stress a carico sia della fenologia dell\u2019olivo che sulla quantit\u00e0 dei fiori prodotti e sulle loro caratteristiche (numero di fiori per infiorescenza, dimensione complessiva e delle singole componenti, inibizione della crescita del tubulo pollinico).<\/p>\n<p>In questo contesto l\u2019attivit\u00e0 dei principali parassiti dell\u2019olivo \u00e8 ricominciata, in particolare i voli della mosca monitorati anche quest\u2019anno con le trappole attrattive Flypack\u00ae di Serbios sono aumentati progressivamente dal mese di aprile, con dati paragonabili a quelli del 2024 (ricordiamo che l\u2019inverno 2023-2024 fu particolarmente mite). Inoltre l\u2019elevata produzione di olive 2024\/2025 fa s\u00ec che siano rimaste pi\u00f9 olive sulle piante, in particolare nelle zone pi\u00f9 esterne e meno raggiungibili della chioma, che una volta cadute a terra possono essere colonizzate dalla mosca e contribuire ad un incremento della popolazione dell\u2019insetto.<\/p>\n<p>Come anticipato nelle scorse settimane, la strategia antidacica che si intende attuare richiede un monitoraggio costante dell\u2019andamento dei voli al fine di individuare il momento pi\u00f9 opportuno per eseguire il primo trattamento adulticida a dosi ridotte e con l\u2019ausilio delle esche proteiche su una piccola porzione (striscia della chioma).<\/p>\n<p>I risultati sono stati finora incoraggianti in quanto hanno consentito di attuare un buon contenimento del parassita sia nella stagione 2023\/2024 (oltre al trattamento con esche adulticide \u00e8 stato effettuato un solo intervento larvicida) che 2024\/2025 (sono stati effettuati solo interventi con esche adulticide).<\/p>\n<p>A questo proposito, nella prossima pillola approfondiremo il tema delle autorizzazioni di emergenza fitosanitaria e della disponibilit\u00e0 di prodotti per l\u2019olivo.<\/p>","protected":false},"excerpt":{"rendered":"<p>Sorry, this entry is only available in Italiano. For the sake of viewer convenience, the content is shown below in the alternative language. You may click the link to switch the active language.Aprile 2025: all\u2019apparenza un normale inizio di primavera, in realt\u00e0 l\u2019ennesimo periodo di estremi. Questa fase del 2025 si mostra a due facce, [&hellip;]<\/p>\n","protected":false},"author":13,"featured_media":9147,"comment_status":"closed","ping_status":"closed","sticky":false,"template":"","format":"standard","meta":{"_genesis_hide_title":false,"_genesis_hide_breadcrumbs":false,"_genesis_hide_singular_image":false,"_genesis_hide_footer_widgets":false,"_genesis_custom_body_class":"","_genesis_custom_post_class":"","_genesis_layout":"","jetpack_post_was_ever_published":false,"_jetpack_newsletter_access":"","_jetpack_dont_email_post_to_subs":false,"_jetpack_newsletter_tier_id":0,"_jetpack_memberships_contains_paywalled_content":false,"_jetpack_memberships_contains_paid_content":false,"footnotes":"","jetpack_publicize_message":"","jetpack_publicize_feature_enabled":true,"jetpack_social_post_already_shared":true,"jetpack_social_options":{"image_generator_settings":{"template":"highway","enabled":false},"version":2}},"categories":[987],"tags":[315,359,920,91,734,972,11,934,806,195,77,38,16],"class_list":{"0":"post-9146","1":"post","2":"type-post","3":"status-publish","4":"format-standard","5":"has-post-thumbnail","7":"category-agronomo","8":"tag-lamialiguria","9":"tag-oliodoprivieraligure","10":"tag-oliorivieraliguredop","11":"tag-consorzio-di-tutela-olio-dop-riviera-ligure","12":"tag-consorzio-olio-dop-riviera-ligure","13":"tag-exirel-bait","14":"tag-liguria","15":"tag-mosca-dellolivo","16":"tag-olig","17":"tag-oliveto-della-riviera-ligure","18":"tag-olivicoltori","19":"tag-olivicoltura","20":"tag-taggiasca","21":"entry"},"yoast_head":"<!-- This site is optimized with the Yoast SEO plugin v25.1 - https:\/\/yoast.com\/wordpress\/plugins\/seo\/ -->\n<title><\/title>\n<meta name=\"description\" content=\"Nell&#039;oliveto dimostrativo le piante si trovano nella fase fenologica della distensione delle mignole mentre nelle zone costiere si \u00e8 prossimi all&#039;apertura dei fiori.\" \/>\n<meta name=\"robots\" content=\"index, follow, max-snippet:-1, max-image-preview:large, max-video-preview:-1\" \/>\n<link rel=\"canonical\" href=\"https:\/\/www.oliorivieraligure.it\/agronomo\/tempo-di-mignolatura\/\" \/>\n<meta name=\"twitter:label1\" content=\"Written by\" \/>\n\t<meta name=\"twitter:data1\" content=\"Giorgio Lazzaretti\" \/>\n\t<meta name=\"twitter:label2\" content=\"Est. reading time\" \/>\n\t<meta name=\"twitter:data2\" content=\"4 minutes\" \/>\n<script type=\"application\/ld+json\" class=\"yoast-schema-graph\">{\"@context\":\"https:\/\/schema.org\",\"@graph\":[{\"@type\":\"Article\",\"@id\":\"https:\/\/www.oliorivieraligure.it\/agronomo\/tempo-di-mignolatura\/#article\",\"isPartOf\":{\"@id\":\"https:\/\/www.oliorivieraligure.it\/agronomo\/tempo-di-mignolatura\/\"},\"author\":{\"name\":\"Giorgio Lazzaretti\",\"@id\":\"https:\/\/www.oliorivieraligure.it\/#\/schema\/person\/ce9238cf35ba5682b5a7a8406c4e58e7\"},\"headline\":\"Tempo di mignolatura\",\"datePublished\":\"2025-05-07T15:05:25+00:00\",\"mainEntityOfPage\":{\"@id\":\"https:\/\/www.oliorivieraligure.it\/agronomo\/tempo-di-mignolatura\/\"},\"wordCount\":658,\"publisher\":{\"@id\":\"https:\/\/www.oliorivieraligure.it\/#organization\"},\"image\":{\"@id\":\"https:\/\/www.oliorivieraligure.it\/agronomo\/tempo-di-mignolatura\/#primaryimage\"},\"thumbnailUrl\":\"https:\/\/i0.wp.com\/www.oliorivieraligure.it\/wp-content\/uploads\/2025\/05\/mignole-distese-con-attacco-di-cotonello.jpg?fit=1062%2C799&ssl=1\",\"keywords\":[\"#lamialiguria\",\"#oliodoprivieraligure\",\"#oliorivieraliguredop\",\"Consorzio di Tutela Olio DOP Riviera Ligure\",\"Consorzio Olio Dop Riviera Ligure\",\"Exirel Bait\",\"Liguria\",\"mosca dell'olivo\",\"Olig +\",\"oliveto della Riviera Ligure\",\"olivicoltori\",\"olivicoltura\",\"Taggiasca\"],\"articleSection\":[\"Bollettino olivicolo\"],\"inLanguage\":\"en-US\"},{\"@type\":\"WebPage\",\"@id\":\"https:\/\/www.oliorivieraligure.it\/agronomo\/tempo-di-mignolatura\/\",\"url\":\"https:\/\/www.oliorivieraligure.it\/agronomo\/tempo-di-mignolatura\/\",\"name\":\"[:it]Tempo di mignolatura[:] - Consorzio di Tutela Olio DOP Riviera Ligure\",\"isPartOf\":{\"@id\":\"https:\/\/www.oliorivieraligure.it\/#website\"},\"primaryImageOfPage\":{\"@id\":\"https:\/\/www.oliorivieraligure.it\/agronomo\/tempo-di-mignolatura\/#primaryimage\"},\"image\":{\"@id\":\"https:\/\/www.oliorivieraligure.it\/agronomo\/tempo-di-mignolatura\/#primaryimage\"},\"thumbnailUrl\":\"https:\/\/i0.wp.com\/www.oliorivieraligure.it\/wp-content\/uploads\/2025\/05\/mignole-distese-con-attacco-di-cotonello.jpg?fit=1062%2C799&ssl=1\",\"datePublished\":\"2025-05-07T15:05:25+00:00\",\"description\":\"Nell'oliveto dimostrativo le piante si trovano nella fase fenologica della distensione delle mignole mentre nelle zone costiere si \u00e8 prossimi all'apertura dei fiori.\",\"breadcrumb\":{\"@id\":\"https:\/\/www.oliorivieraligure.it\/agronomo\/tempo-di-mignolatura\/#breadcrumb\"},\"inLanguage\":\"en-US\",\"potentialAction\":[{\"@type\":\"ReadAction\",\"target\":[\"https:\/\/www.oliorivieraligure.it\/agronomo\/tempo-di-mignolatura\/\"]}]},{\"@type\":\"ImageObject\",\"inLanguage\":\"en-US\",\"@id\":\"https:\/\/www.oliorivieraligure.it\/agronomo\/tempo-di-mignolatura\/#primaryimage\",\"url\":\"https:\/\/i0.wp.com\/www.oliorivieraligure.it\/wp-content\/uploads\/2025\/05\/mignole-distese-con-attacco-di-cotonello.jpg?fit=1062%2C799&ssl=1\",\"contentUrl\":\"https:\/\/i0.wp.com\/www.oliorivieraligure.it\/wp-content\/uploads\/2025\/05\/mignole-distese-con-attacco-di-cotonello.jpg?fit=1062%2C799&ssl=1\",\"width\":1062,\"height\":799,\"caption\":\"Mignole distese con attacco di cotonello\"},{\"@type\":\"BreadcrumbList\",\"@id\":\"https:\/\/www.oliorivieraligure.it\/agronomo\/tempo-di-mignolatura\/#breadcrumb\",\"itemListElement\":[{\"@type\":\"ListItem\",\"position\":1,\"name\":\"Home\",\"item\":\"https:\/\/www.oliorivieraligure.it\/\"},{\"@type\":\"ListItem\",\"position\":2,\"name\":\"Tempo di mignolatura\"}]},{\"@type\":\"WebSite\",\"@id\":\"https:\/\/www.oliorivieraligure.it\/#website\",\"url\":\"https:\/\/www.oliorivieraligure.it\/\",\"name\":\"Consorzio di Tutela Olio DOP Riviera Ligure\",\"description\":\"Tutta la nostra passione da sempre. Naturalmente.\",\"publisher\":{\"@id\":\"https:\/\/www.oliorivieraligure.it\/#organization\"},\"potentialAction\":[{\"@type\":\"SearchAction\",\"target\":{\"@type\":\"EntryPoint\",\"urlTemplate\":\"https:\/\/www.oliorivieraligure.it\/?s={search_term_string}\"},\"query-input\":{\"@type\":\"PropertyValueSpecification\",\"valueRequired\":true,\"valueName\":\"search_term_string\"}}],\"inLanguage\":\"en-US\"},{\"@type\":\"Organization\",\"@id\":\"https:\/\/www.oliorivieraligure.it\/#organization\",\"name\":\"Consorzio per la Tutela dell'Olio DOP Riviera Ligure\",\"url\":\"https:\/\/www.oliorivieraligure.it\/\",\"logo\":{\"@type\":\"ImageObject\",\"inLanguage\":\"en-US\",\"@id\":\"https:\/\/www.oliorivieraligure.it\/#\/schema\/logo\/image\/\",\"url\":\"https:\/\/i2.wp.com\/www.oliorivieraligure.it\/wp-content\/uploads\/2016\/11\/logoconsorzio.jpg?fit=1040%2C520&ssl=1\",\"contentUrl\":\"https:\/\/i2.wp.com\/www.oliorivieraligure.it\/wp-content\/uploads\/2016\/11\/logoconsorzio.jpg?fit=1040%2C520&ssl=1\",\"width\":1040,\"height\":520,\"caption\":\"Consorzio per la Tutela dell'Olio DOP Riviera Ligure\"},\"image\":{\"@id\":\"https:\/\/www.oliorivieraligure.it\/#\/schema\/logo\/image\/\"}},{\"@type\":\"Person\",\"@id\":\"https:\/\/www.oliorivieraligure.it\/#\/schema\/person\/ce9238cf35ba5682b5a7a8406c4e58e7\",\"name\":\"Giorgio Lazzaretti\",\"url\":\"https:\/\/www.oliorivieraligure.it\/en\/author\/direzione\/\"}]}<\/script>\n<!-- \/ Yoast SEO plugin. -->","yoast_head_json":{"title":"[:it]Tempo di mignolatura[:] - Consorzio di Tutela Olio DOP Riviera Ligure","description":"Nell'oliveto dimostrativo le piante si trovano nella fase fenologica della distensione delle mignole mentre nelle zone costiere si \u00e8 prossimi all'apertura dei fiori.","robots":{"index":"index","follow":"follow","max-snippet":"max-snippet:-1","max-image-preview":"max-image-preview:large","max-video-preview":"max-video-preview:-1"},"canonical":"https:\/\/www.oliorivieraligure.it\/agronomo\/tempo-di-mignolatura\/","twitter_misc":{"Written by":"Giorgio Lazzaretti","Est. reading time":"4 minutes"},"schema":{"@context":"https:\/\/schema.org","@graph":[{"@type":"Article","@id":"https:\/\/www.oliorivieraligure.it\/agronomo\/tempo-di-mignolatura\/#article","isPartOf":{"@id":"https:\/\/www.oliorivieraligure.it\/agronomo\/tempo-di-mignolatura\/"},"author":{"name":"Giorgio Lazzaretti","@id":"https:\/\/www.oliorivieraligure.it\/#\/schema\/person\/ce9238cf35ba5682b5a7a8406c4e58e7"},"headline":"Tempo di mignolatura","datePublished":"2025-05-07T15:05:25+00:00","mainEntityOfPage":{"@id":"https:\/\/www.oliorivieraligure.it\/agronomo\/tempo-di-mignolatura\/"},"wordCount":658,"publisher":{"@id":"https:\/\/www.oliorivieraligure.it\/#organization"},"image":{"@id":"https:\/\/www.oliorivieraligure.it\/agronomo\/tempo-di-mignolatura\/#primaryimage"},"thumbnailUrl":"https:\/\/i0.wp.com\/www.oliorivieraligure.it\/wp-content\/uploads\/2025\/05\/mignole-distese-con-attacco-di-cotonello.jpg?fit=1062%2C799&ssl=1","keywords":["#lamialiguria","#oliodoprivieraligure","#oliorivieraliguredop","Consorzio di Tutela Olio DOP Riviera Ligure","Consorzio Olio Dop Riviera Ligure","Exirel Bait","Liguria","mosca dell'olivo","Olig +","oliveto della Riviera Ligure","olivicoltori","olivicoltura","Taggiasca"],"articleSection":["Bollettino olivicolo"],"inLanguage":"en-US"},{"@type":"WebPage","@id":"https:\/\/www.oliorivieraligure.it\/agronomo\/tempo-di-mignolatura\/","url":"https:\/\/www.oliorivieraligure.it\/agronomo\/tempo-di-mignolatura\/","name":"[:it]Tempo di mignolatura[:] - Consorzio di Tutela Olio DOP Riviera Ligure","isPartOf":{"@id":"https:\/\/www.oliorivieraligure.it\/#website"},"primaryImageOfPage":{"@id":"https:\/\/www.oliorivieraligure.it\/agronomo\/tempo-di-mignolatura\/#primaryimage"},"image":{"@id":"https:\/\/www.oliorivieraligure.it\/agronomo\/tempo-di-mignolatura\/#primaryimage"},"thumbnailUrl":"https:\/\/i0.wp.com\/www.oliorivieraligure.it\/wp-content\/uploads\/2025\/05\/mignole-distese-con-attacco-di-cotonello.jpg?fit=1062%2C799&ssl=1","datePublished":"2025-05-07T15:05:25+00:00","description":"Nell'oliveto dimostrativo le piante si trovano nella fase fenologica della distensione delle mignole mentre nelle zone costiere si \u00e8 prossimi all'apertura dei fiori.","breadcrumb":{"@id":"https:\/\/www.oliorivieraligure.it\/agronomo\/tempo-di-mignolatura\/#breadcrumb"},"inLanguage":"en-US","potentialAction":[{"@type":"ReadAction","target":["https:\/\/www.oliorivieraligure.it\/agronomo\/tempo-di-mignolatura\/"]}]},{"@type":"ImageObject","inLanguage":"en-US","@id":"https:\/\/www.oliorivieraligure.it\/agronomo\/tempo-di-mignolatura\/#primaryimage","url":"https:\/\/i0.wp.com\/www.oliorivieraligure.it\/wp-content\/uploads\/2025\/05\/mignole-distese-con-attacco-di-cotonello.jpg?fit=1062%2C799&ssl=1","contentUrl":"https:\/\/i0.wp.com\/www.oliorivieraligure.it\/wp-content\/uploads\/2025\/05\/mignole-distese-con-attacco-di-cotonello.jpg?fit=1062%2C799&ssl=1","width":1062,"height":799,"caption":"Mignole distese con attacco di cotonello"},{"@type":"BreadcrumbList","@id":"https:\/\/www.oliorivieraligure.it\/agronomo\/tempo-di-mignolatura\/#breadcrumb","itemListElement":[{"@type":"ListItem","position":1,"name":"Home","item":"https:\/\/www.oliorivieraligure.it\/"},{"@type":"ListItem","position":2,"name":"Tempo di mignolatura"}]},{"@type":"WebSite","@id":"https:\/\/www.oliorivieraligure.it\/#website","url":"https:\/\/www.oliorivieraligure.it\/","name":"Consorzio di Tutela Olio DOP Riviera Ligure","description":"Tutta la nostra passione da sempre. Naturalmente.","publisher":{"@id":"https:\/\/www.oliorivieraligure.it\/#organization"},"potentialAction":[{"@type":"SearchAction","target":{"@type":"EntryPoint","urlTemplate":"https:\/\/www.oliorivieraligure.it\/?s={search_term_string}"},"query-input":{"@type":"PropertyValueSpecification","valueRequired":true,"valueName":"search_term_string"}}],"inLanguage":"en-US"},{"@type":"Organization","@id":"https:\/\/www.oliorivieraligure.it\/#organization","name":"Consorzio per la Tutela dell'Olio DOP Riviera Ligure","url":"https:\/\/www.oliorivieraligure.it\/","logo":{"@type":"ImageObject","inLanguage":"en-US","@id":"https:\/\/www.oliorivieraligure.it\/#\/schema\/logo\/image\/","url":"https:\/\/i2.wp.com\/www.oliorivieraligure.it\/wp-content\/uploads\/2016\/11\/logoconsorzio.jpg?fit=1040%2C520&ssl=1","contentUrl":"https:\/\/i2.wp.com\/www.oliorivieraligure.it\/wp-content\/uploads\/2016\/11\/logoconsorzio.jpg?fit=1040%2C520&ssl=1","width":1040,"height":520,"caption":"Consorzio per la Tutela dell'Olio DOP Riviera Ligure"},"image":{"@id":"https:\/\/www.oliorivieraligure.it\/#\/schema\/logo\/image\/"}},{"@type":"Person","@id":"https:\/\/www.oliorivieraligure.it\/#\/schema\/person\/ce9238cf35ba5682b5a7a8406c4e58e7","name":"Giorgio Lazzaretti","url":"https:\/\/www.oliorivieraligure.it\/en\/author\/direzione\/"}]}},"jetpack_publicize_connections":[],"jetpack_featured_media_url":"https:\/\/i0.wp.com\/www.oliorivieraligure.it\/wp-content\/uploads\/2025\/05\/mignole-distese-con-attacco-di-cotonello.jpg?fit=1062%2C799&ssl=1","jetpack_shortlink":"https:\/\/wp.me\/p1pXCP-2nw","jetpack_sharing_enabled":true,"_links":{"self":[{"href":"https:\/\/www.oliorivieraligure.it\/en\/wp-json\/wp\/v2\/posts\/9146","targetHints":{"allow":["GET"]}}],"collection":[{"href":"https:\/\/www.oliorivieraligure.it\/en\/wp-json\/wp\/v2\/posts"}],"about":[{"href":"https:\/\/www.oliorivieraligure.it\/en\/wp-json\/wp\/v2\/types\/post"}],"author":[{"embeddable":true,"href":"https:\/\/www.oliorivieraligure.it\/en\/wp-json\/wp\/v2\/users\/13"}],"replies":[{"embeddable":true,"href":"https:\/\/www.oliorivieraligure.it\/en\/wp-json\/wp\/v2\/comments?post=9146"}],"version-history":[{"count":0,"href":"https:\/\/www.oliorivieraligure.it\/en\/wp-json\/wp\/v2\/posts\/9146\/revisions"}],"wp:featuredmedia":[{"embeddable":true,"href":"https:\/\/www.oliorivieraligure.it\/en\/wp-json\/wp\/v2\/media\/9147"}],"wp:attachment":[{"href":"https:\/\/www.oliorivieraligure.it\/en\/wp-json\/wp\/v2\/media?parent=9146"}],"wp:term":[{"taxonomy":"category","embeddable":true,"href":"https:\/\/www.oliorivieraligure.it\/en\/wp-json\/wp\/v2\/categories?post=9146"},{"taxonomy":"post_tag","embeddable":true,"href":"https:\/\/www.oliorivieraligure.it\/en\/wp-json\/wp\/v2\/tags?post=9146"}],"curies":[{"name":"wp","href":"https:\/\/api.w.org\/{rel}","templated":true}]}}