{"id":9284,"date":"2025-07-24T11:05:32","date_gmt":"2025-07-24T09:05:32","guid":{"rendered":"https:\/\/www.oliorivieraligure.it\/?p=9284"},"modified":"2025-07-24T11:27:19","modified_gmt":"2025-07-24T09:27:19","slug":"il-balzo","status":"publish","type":"post","link":"https:\/\/www.oliorivieraligure.it\/en\/agronomo\/il-balzo\/","title":{"rendered":"Il balzo"},"content":{"rendered":"<p class=\"qtranxs-available-languages-message qtranxs-available-languages-message-en\">Sorry, this entry is only available in <a href=\"https:\/\/www.oliorivieraligure.it\/it\/wp-json\/wp\/v2\/posts\/9284\" class=\"qtranxs-available-language-link qtranxs-available-language-link-it\" title=\"Italiano\">Italiano<\/a>. For the sake of viewer convenience, the content is shown below in the alternative language. You may click the link to switch the active language.<\/p><p>Nei giorni scorsi abbiamo assistito ad una stabilizzazione delle temperature che dopo l\u2019ultimo picco della seconda settimana di luglio si sono attestate su massime intorno ai 26-28 \u00b0C con elevata umidit\u00e0 relativa (fino al 100% in alcune giornate), senza precipitazioni: una situazione che si rileva estremamente favorevole all\u2019attivit\u00e0 di tutti i parassiti legati all\u2019olivo e in particolare al parassita chiave, la mosca dell\u2019olivo (<em>Bactrocera oleae<\/em>). Nell\u2019oliveto dimostrativo l\u2019endocarpo (nocciolo) risulta ormai completamente indurito e si riscontra l\u2019ingrossamento della polpa.<\/p>\n<p>Quest\u2019ultima ha mostrato una notevole attivit\u00e0 in termini di volo e ovideposizione, riscontrata attraverso il monitoraggio degli adulti con le trappole attrattive e attraverso il campionamento delle drupe: le catture di adulti sono ulteriormente aumentate rispetto alla settimana precedente (catture comprese tra 11 e 23 individui), mentre l\u2019infestazione attiva ha toccato il 15%.<\/p>\n<p>Particolarmente interessante il dato relativo alla mortalit\u00e0 delle forme giovanili visto il riscontro di 28 larve di prima et\u00e0 che non sono sopravvissute, riuscendo tuttavia a scavare gallerie nella polpa ma non riuscendo poi a completare il passaggio allo stadio successivo.<\/p>\n<p>Questa configurazione favorevole ai parassiti dovrebbe continuare nei prossimi giorni e pertanto \u00e8 assolutamente necessario intervenire tempestivamente sia con prodotti adulticidi per abbattere la popolazione dell\u2019insetto e limitare l\u2019ovoposizione sia con prodotti larvicidi in grado di agire nei confronti degli stadi giovanili della mosca, in particolare nei confronti delle larve di prima e seconda et\u00e0: queste ultime si nutrono attivamente a carico della polpa, scavando gallerie dapprima pi\u00f9 superficiali per poi approfondirle fino all\u2019endocarpo. I prodotti da impiegare in questa fase presentano una limitata capacit\u00e0 di traslocazione per cui il fattore chiave \u00e8 la tempestivit\u00e0, cos\u00ec da poter contrastare efficacemente queste larve mentre quelle di terza et\u00e0 risultano molto meno raggiungibili.<\/p>\n<p>Come gi\u00e0 anticipato la scorsa settimana si effettuer\u00e0 un trattamento larvicida per il quale sono impiegabili l\u2019azadiractina (prodotto commerciale Oikos), il flupyradifurone (prodotto commerciale Sivanto) che agisce per ingestione e pu\u00f2 essere traslocato nella pianta (\u00e8 sistemico) e l\u2019acetamiprid che agisce prevalentemente per ingestione (ha anche una limitata azione per contatto) ed \u00e8 sistemico; in questa fase optiamo per l\u2019applicazione di quest\u2019ultimo alla dose di 150 ml\/hl, da distribuire a tutta chioma. L\u2019intervallo di sicurezza (tempo di carenza) di questo prodotto \u00e8 di 21 giorni e pu\u00f2 essere utilizzato per un massimo di 2 interventi l\u2019anno e pertanto \u00e8 fondamentale poterne preservare l\u2019impiego alle situazioni di reale necessit\u00e0; tutti esplicano la loro azione anche su cecidomia e sputacchina ma, a questo proposito, non si rilevano attualmente criticit\u00e0 particolari.<\/p>\n<p>ATTENZIONE: con decreto del 19\/02\/2025 la sostanza attiva acetamiprid \u00e8 utilizzabile su olivo da mensa per UN SOLO trattamento all\u2019anno, compresa riduzione del dosaggio e aumento del tempo di carenza da 21 a 28 giorni. Bisogna porre la massima attenzione poich\u00e9 nelle nostre realt\u00e0 la destinazione delle olive si decide direttamente nella fase di consegna al frantoio! Su olive da olio sono consentiti due trattamenti, su olive da mensa uno solo.<\/p>\n<p><strong>SITUAZIONE FITOSANITARIA<\/strong>. Gli attacchi di occhio di pavone (<em>Spilocaea oleaginea<\/em> S. Hughes, 1953) risultano stabili rispetto alle scorse settimane con limitate manifestazioni di sintomi prima latenti, in leggero aumento. Se le temperature si stabilizzeranno entro i 30 gradi si valuta di intervenire con un trattamento a base di rame per ridurre la pressione del parassita (si ha anche un effetto secondario sul complesso di microrganismi attrattivi nei confronti della mosca presenti sulle drupe) che, per\u00f2, sar\u00e0 rinviato nel caso di temperature elevate che possono determinare episodi di fitotossicit\u00e0.<\/p>\n<p>Nessuna osservazione di ulteriore attacco del rincote psillide cotonello (<em>Eupyllura olivina<\/em>) infeudato all\u2019olivo.<\/p>\n<p>Sono state rilevate due nuove galle di Euzophera (<em>E. bigella<\/em>, <em>E. pinguis<\/em>) all\u2019interno dell\u2019oliveto dimostrativo che saranno oggetto di apposito monitoraggio e approfondimento; sono presenti anche galle molto pi\u00f9 vecchie, ormai completamente lignificate.<\/p>\n<p>Su alcuni nuovi getti e su alcuni succhioni, in particolare in prossimit\u00e0 dei tagli di potatura, sono stati osservati alcuni attacchi di margaronia (<em>Palpita unionalis<\/em>); queste osservazioni non destano preoccupazione ma occorre monitorare la situazione, vista anche la presenza di attacchi su oliveti vicini.<\/p>\n<p>Infine sono stati osservati alcuni esemplari erranti di cimice asiatica (<em>Halomorpha hyalis<\/em>), allo stadio di ninfe o giovani adulti.<\/p>\n<p>&nbsp;<\/p>\n<table width=\"642\">\n<tbody>\n<tr>\n<td width=\"132\"><strong>AVVERSIT\u00c0<\/strong><\/td>\n<td width=\"328\"><strong>SITUAZIONE NELL&#8217;OLIVETO DIMOSTRATIVO<\/strong><\/td>\n<td width=\"182\"><strong>INTERVENTI PREVISTI<\/strong><\/td>\n<\/tr>\n<tr>\n<td width=\"132\">Tignola dell\u2019olivo<\/td>\n<td width=\"328\">Nessuna presenza di sintomi visibili sulle olivine; segnalata cascola probabilmente legata all\u2019ondata di caldo<\/td>\n<td width=\"182\">Monitoraggio; nessun intervento chimico<\/td>\n<\/tr>\n<tr>\n<td width=\"132\">Cotonello<\/td>\n<td width=\"328\">Rilevate due secrezioni cerosa sulle infiorescenze in diminuzione, presenza estremamente limitata<\/td>\n<td width=\"182\">Monitoraggio; nessun intervento chimico<\/td>\n<\/tr>\n<tr>\n<td width=\"132\">Cecidomia dell\u2019olivo<\/td>\n<td width=\"328\">Nessuna presenza rilevata<\/td>\n<td width=\"182\">Monitoraggio; nessun intervento chimico<\/td>\n<\/tr>\n<tr>\n<td width=\"132\">Mosca dell&#8217;olivo<\/td>\n<td width=\"328\">Attivit\u00e0 di volo in leggero aumento (trappola A 8 catture, trappola B 8 catture, trappola C 10 catture con trappole Flypack\u00ae); CONDIZIONI FAVOREVOLI A VOLO E ALLA DEPOSIZIONE DELLE UOVA &#8211; INTERVENIRE<\/td>\n<td width=\"182\">Proseguire il monitoraggio.<\/p>\n<p>Sostituzione trappole attrattive<\/p>\n<p>CONTINUARE CAMPIONAMENTO<\/p>\n<p>EFFETTUARE ADULTICIDA<\/p>\n<p>EFFETTUARE LARVICIDA<\/td>\n<\/tr>\n<tr>\n<td width=\"132\">Cocciniglia mezzo grano di pepe<\/td>\n<td width=\"328\">Sporadiche osservazioni su pagina inferiore delle foglie<\/td>\n<td width=\"182\">Monitoraggio; nessun intervento chimico<\/td>\n<\/tr>\n<tr>\n<td width=\"132\">Oziorrinco<\/td>\n<td width=\"328\">Non sono state rilevate evidenze di rosure o tracce di alimentazione, n\u00e9 presenza di adulti erranti<\/td>\n<td width=\"182\">Monitoraggio; nessun intervento chimico<\/td>\n<\/tr>\n<tr>\n<td width=\"132\"><em>Euzophera bigella<\/em> e<br \/>\n<em>E. pinguis<\/em><\/td>\n<td width=\"328\">Rilevati due tubercoli oltre a quelli gi\u00e0 presenti nelle precedenti settimane; segnalate possibili galle\/tubercoli<\/td>\n<td width=\"182\">Monitoraggio con massima attenzione ad aumenti dell&#8217;infestazione<\/td>\n<\/tr>\n<tr>\n<td width=\"132\">Margaronia<\/td>\n<td width=\"328\">Rilevati alcuni polloni e succhioni danneggiati da attacchi dell\u2019insetto<\/td>\n<td width=\"182\">Monitoraggio; nessun intervento chimico<\/td>\n<\/tr>\n<tr>\n<td width=\"132\">Tripide dell\u2019olivo<\/td>\n<td width=\"328\">Rilevati attacchi su piante spia, in aumento<\/td>\n<td width=\"182\">Monitoraggio, nessun intervento chimico<\/td>\n<\/tr>\n<tr>\n<td width=\"132\">Cimice asiatica<\/td>\n<td width=\"328\">Osservati alcuni esemplari adulti erranti<\/td>\n<td width=\"182\">Monitoraggio; nessun intervento chimico<\/td>\n<\/tr>\n<tr>\n<td width=\"132\">Cecidomia<\/td>\n<td width=\"328\">Nessuna osservazione<\/td>\n<td width=\"182\">Monitoraggio; nessun intervento chimico<\/td>\n<\/tr>\n<\/tbody>\n<\/table>\n<div id=\"attachment_9285\" style=\"width: 408px\" class=\"wp-caption aligncenter\"><img data-recalc-dims=\"1\" loading=\"lazy\" decoding=\"async\" aria-describedby=\"caption-attachment-9285\" class=\"size-medium wp-image-9285\" src=\"https:\/\/i0.wp.com\/www.oliorivieraligure.it\/wp-content\/uploads\/2025\/07\/Dimensione-delle-olive-al-24-luglio-2025.jpg?resize=398%2C300&#038;ssl=1\" alt=\"\" width=\"398\" height=\"300\" srcset=\"https:\/\/i0.wp.com\/www.oliorivieraligure.it\/wp-content\/uploads\/2025\/07\/Dimensione-delle-olive-al-24-luglio-2025.jpg?resize=398%2C300&amp;ssl=1 398w, https:\/\/i0.wp.com\/www.oliorivieraligure.it\/wp-content\/uploads\/2025\/07\/Dimensione-delle-olive-al-24-luglio-2025.jpg?resize=264%2C200&amp;ssl=1 264w, https:\/\/i0.wp.com\/www.oliorivieraligure.it\/wp-content\/uploads\/2025\/07\/Dimensione-delle-olive-al-24-luglio-2025.jpg?resize=200%2C151&amp;ssl=1 200w, https:\/\/i0.wp.com\/www.oliorivieraligure.it\/wp-content\/uploads\/2025\/07\/Dimensione-delle-olive-al-24-luglio-2025.jpg?w=522&amp;ssl=1 522w\" sizes=\"auto, (max-width: 398px) 100vw, 398px\" \/><p id=\"caption-attachment-9285\" class=\"wp-caption-text\">Dimensione delle olive al 24 luglio 2025<\/p><\/div>\n<p><div id=\"attachment_9286\" style=\"width: 408px\" class=\"wp-caption aligncenter\"><img data-recalc-dims=\"1\" loading=\"lazy\" decoding=\"async\" aria-describedby=\"caption-attachment-9286\" class=\"size-medium wp-image-9286\" src=\"https:\/\/i0.wp.com\/www.oliorivieraligure.it\/wp-content\/uploads\/2025\/07\/Catture-di-adulti-di-mosca-olearia.jpg?resize=398%2C300&#038;ssl=1\" alt=\"\" width=\"398\" height=\"300\" srcset=\"https:\/\/i0.wp.com\/www.oliorivieraligure.it\/wp-content\/uploads\/2025\/07\/Catture-di-adulti-di-mosca-olearia.jpg?resize=398%2C300&amp;ssl=1 398w, https:\/\/i0.wp.com\/www.oliorivieraligure.it\/wp-content\/uploads\/2025\/07\/Catture-di-adulti-di-mosca-olearia.jpg?resize=264%2C200&amp;ssl=1 264w, https:\/\/i0.wp.com\/www.oliorivieraligure.it\/wp-content\/uploads\/2025\/07\/Catture-di-adulti-di-mosca-olearia.jpg?resize=200%2C151&amp;ssl=1 200w, https:\/\/i0.wp.com\/www.oliorivieraligure.it\/wp-content\/uploads\/2025\/07\/Catture-di-adulti-di-mosca-olearia.jpg?w=522&amp;ssl=1 522w\" sizes=\"auto, (max-width: 398px) 100vw, 398px\" \/><p id=\"caption-attachment-9286\" class=\"wp-caption-text\">Catture di adulti di mosca olearia<\/p><\/div><\/p>","protected":false},"excerpt":{"rendered":"<p>Sorry, this entry is only available in Italiano. For the sake of viewer convenience, the content is shown below in the alternative language. You may click the link to switch the active language.Nei giorni scorsi abbiamo assistito ad una stabilizzazione delle temperature che dopo l\u2019ultimo picco della seconda settimana di luglio si sono attestate su [&hellip;]<\/p>\n","protected":false},"author":13,"featured_media":9286,"comment_status":"closed","ping_status":"closed","sticky":false,"template":"","format":"standard","meta":{"_genesis_hide_title":false,"_genesis_hide_breadcrumbs":false,"_genesis_hide_singular_image":false,"_genesis_hide_footer_widgets":false,"_genesis_custom_body_class":"","_genesis_custom_post_class":"","_genesis_layout":"","jetpack_post_was_ever_published":false,"_jetpack_newsletter_access":"","_jetpack_dont_email_post_to_subs":false,"_jetpack_newsletter_tier_id":0,"_jetpack_memberships_contains_paywalled_content":false,"_jetpack_memberships_contains_paid_content":false,"footnotes":"","jetpack_publicize_message":"","jetpack_publicize_feature_enabled":true,"jetpack_social_post_already_shared":true,"jetpack_social_options":{"image_generator_settings":{"template":"highway","enabled":false},"version":2}},"categories":[987],"tags":[315,359,518,91,972,934,935,806,7,195,77,38,79,16],"class_list":{"0":"post-9284","1":"post","2":"type-post","3":"status-publish","4":"format-standard","5":"has-post-thumbnail","7":"category-agronomo","8":"tag-lamialiguria","9":"tag-oliodoprivieraligure","10":"tag-assaggia-la-liguria","11":"tag-consorzio-di-tutela-olio-dop-riviera-ligure","12":"tag-exirel-bait","13":"tag-mosca-dellolivo","14":"tag-occhio-di-pavone","15":"tag-olig","16":"tag-olio-dop-riviera-ligure","17":"tag-oliveto-della-riviera-ligure","18":"tag-olivicoltori","19":"tag-olivicoltura","20":"tag-regione-liguria","21":"tag-taggiasca","22":"entry"},"yoast_head":"<!-- This site is optimized with the Yoast SEO plugin v25.1 - https:\/\/yoast.com\/wordpress\/plugins\/seo\/ -->\n<title><\/title>\n<meta name=\"description\" content=\"Il balzo\" \/>\n<meta name=\"robots\" content=\"index, follow, max-snippet:-1, max-image-preview:large, max-video-preview:-1\" \/>\n<link rel=\"canonical\" href=\"https:\/\/www.oliorivieraligure.it\/agronomo\/il-balzo\/\" \/>\n<meta name=\"twitter:label1\" content=\"Written by\" \/>\n\t<meta name=\"twitter:data1\" content=\"Giorgio Lazzaretti\" \/>\n\t<meta name=\"twitter:label2\" content=\"Est. reading time\" \/>\n\t<meta name=\"twitter:data2\" content=\"6 minutes\" \/>\n<script type=\"application\/ld+json\" class=\"yoast-schema-graph\">{\"@context\":\"https:\/\/schema.org\",\"@graph\":[{\"@type\":\"Article\",\"@id\":\"https:\/\/www.oliorivieraligure.it\/agronomo\/il-balzo\/#article\",\"isPartOf\":{\"@id\":\"https:\/\/www.oliorivieraligure.it\/agronomo\/il-balzo\/\"},\"author\":{\"name\":\"Giorgio Lazzaretti\",\"@id\":\"https:\/\/www.oliorivieraligure.it\/#\/schema\/person\/ce9238cf35ba5682b5a7a8406c4e58e7\"},\"headline\":\"Il balzo\",\"datePublished\":\"2025-07-24T09:05:32+00:00\",\"dateModified\":\"2025-07-24T09:27:19+00:00\",\"mainEntityOfPage\":{\"@id\":\"https:\/\/www.oliorivieraligure.it\/agronomo\/il-balzo\/\"},\"wordCount\":925,\"publisher\":{\"@id\":\"https:\/\/www.oliorivieraligure.it\/#organization\"},\"image\":{\"@id\":\"https:\/\/www.oliorivieraligure.it\/agronomo\/il-balzo\/#primaryimage\"},\"thumbnailUrl\":\"https:\/\/i0.wp.com\/www.oliorivieraligure.it\/wp-content\/uploads\/2025\/07\/Catture-di-adulti-di-mosca-olearia.jpg?fit=522%2C393&ssl=1\",\"keywords\":[\"#lamialiguria\",\"#oliodoprivieraligure\",\"Assaggia la Liguria\",\"Consorzio di Tutela Olio DOP Riviera Ligure\",\"Exirel Bait\",\"mosca dell'olivo\",\"occhio di pavone\",\"Olig +\",\"Olio Dop Riviera Ligure\",\"oliveto della Riviera Ligure\",\"olivicoltori\",\"olivicoltura\",\"Regione Liguria\",\"Taggiasca\"],\"articleSection\":[\"Bollettino olivicolo\"],\"inLanguage\":\"en-US\"},{\"@type\":\"WebPage\",\"@id\":\"https:\/\/www.oliorivieraligure.it\/agronomo\/il-balzo\/\",\"url\":\"https:\/\/www.oliorivieraligure.it\/agronomo\/il-balzo\/\",\"name\":\"[:it]Il balzo[:] - Consorzio di Tutela Olio DOP Riviera Ligure\",\"isPartOf\":{\"@id\":\"https:\/\/www.oliorivieraligure.it\/#website\"},\"primaryImageOfPage\":{\"@id\":\"https:\/\/www.oliorivieraligure.it\/agronomo\/il-balzo\/#primaryimage\"},\"image\":{\"@id\":\"https:\/\/www.oliorivieraligure.it\/agronomo\/il-balzo\/#primaryimage\"},\"thumbnailUrl\":\"https:\/\/i0.wp.com\/www.oliorivieraligure.it\/wp-content\/uploads\/2025\/07\/Catture-di-adulti-di-mosca-olearia.jpg?fit=522%2C393&ssl=1\",\"datePublished\":\"2025-07-24T09:05:32+00:00\",\"dateModified\":\"2025-07-24T09:27:19+00:00\",\"description\":\"Il balzo\",\"breadcrumb\":{\"@id\":\"https:\/\/www.oliorivieraligure.it\/agronomo\/il-balzo\/#breadcrumb\"},\"inLanguage\":\"en-US\",\"potentialAction\":[{\"@type\":\"ReadAction\",\"target\":[\"https:\/\/www.oliorivieraligure.it\/agronomo\/il-balzo\/\"]}]},{\"@type\":\"ImageObject\",\"inLanguage\":\"en-US\",\"@id\":\"https:\/\/www.oliorivieraligure.it\/agronomo\/il-balzo\/#primaryimage\",\"url\":\"https:\/\/i0.wp.com\/www.oliorivieraligure.it\/wp-content\/uploads\/2025\/07\/Catture-di-adulti-di-mosca-olearia.jpg?fit=522%2C393&ssl=1\",\"contentUrl\":\"https:\/\/i0.wp.com\/www.oliorivieraligure.it\/wp-content\/uploads\/2025\/07\/Catture-di-adulti-di-mosca-olearia.jpg?fit=522%2C393&ssl=1\",\"width\":522,\"height\":393,\"caption\":\"Catture di adulti di mosca olearia\"},{\"@type\":\"BreadcrumbList\",\"@id\":\"https:\/\/www.oliorivieraligure.it\/agronomo\/il-balzo\/#breadcrumb\",\"itemListElement\":[{\"@type\":\"ListItem\",\"position\":1,\"name\":\"Home\",\"item\":\"https:\/\/www.oliorivieraligure.it\/\"},{\"@type\":\"ListItem\",\"position\":2,\"name\":\"Il balzo\"}]},{\"@type\":\"WebSite\",\"@id\":\"https:\/\/www.oliorivieraligure.it\/#website\",\"url\":\"https:\/\/www.oliorivieraligure.it\/\",\"name\":\"Consorzio di Tutela Olio DOP Riviera Ligure\",\"description\":\"Tutta la nostra passione da sempre. Naturalmente.\",\"publisher\":{\"@id\":\"https:\/\/www.oliorivieraligure.it\/#organization\"},\"potentialAction\":[{\"@type\":\"SearchAction\",\"target\":{\"@type\":\"EntryPoint\",\"urlTemplate\":\"https:\/\/www.oliorivieraligure.it\/?s={search_term_string}\"},\"query-input\":{\"@type\":\"PropertyValueSpecification\",\"valueRequired\":true,\"valueName\":\"search_term_string\"}}],\"inLanguage\":\"en-US\"},{\"@type\":\"Organization\",\"@id\":\"https:\/\/www.oliorivieraligure.it\/#organization\",\"name\":\"Consorzio per la Tutela dell'Olio DOP Riviera Ligure\",\"url\":\"https:\/\/www.oliorivieraligure.it\/\",\"logo\":{\"@type\":\"ImageObject\",\"inLanguage\":\"en-US\",\"@id\":\"https:\/\/www.oliorivieraligure.it\/#\/schema\/logo\/image\/\",\"url\":\"https:\/\/i2.wp.com\/www.oliorivieraligure.it\/wp-content\/uploads\/2016\/11\/logoconsorzio.jpg?fit=1040%2C520&ssl=1\",\"contentUrl\":\"https:\/\/i2.wp.com\/www.oliorivieraligure.it\/wp-content\/uploads\/2016\/11\/logoconsorzio.jpg?fit=1040%2C520&ssl=1\",\"width\":1040,\"height\":520,\"caption\":\"Consorzio per la Tutela dell'Olio DOP Riviera Ligure\"},\"image\":{\"@id\":\"https:\/\/www.oliorivieraligure.it\/#\/schema\/logo\/image\/\"}},{\"@type\":\"Person\",\"@id\":\"https:\/\/www.oliorivieraligure.it\/#\/schema\/person\/ce9238cf35ba5682b5a7a8406c4e58e7\",\"name\":\"Giorgio Lazzaretti\",\"url\":\"https:\/\/www.oliorivieraligure.it\/en\/author\/direzione\/\"}]}<\/script>\n<!-- \/ Yoast SEO plugin. -->","yoast_head_json":{"title":"[:it]Il balzo[:] - Consorzio di Tutela Olio DOP Riviera Ligure","description":"Il balzo","robots":{"index":"index","follow":"follow","max-snippet":"max-snippet:-1","max-image-preview":"max-image-preview:large","max-video-preview":"max-video-preview:-1"},"canonical":"https:\/\/www.oliorivieraligure.it\/agronomo\/il-balzo\/","twitter_misc":{"Written by":"Giorgio Lazzaretti","Est. reading time":"6 minutes"},"schema":{"@context":"https:\/\/schema.org","@graph":[{"@type":"Article","@id":"https:\/\/www.oliorivieraligure.it\/agronomo\/il-balzo\/#article","isPartOf":{"@id":"https:\/\/www.oliorivieraligure.it\/agronomo\/il-balzo\/"},"author":{"name":"Giorgio Lazzaretti","@id":"https:\/\/www.oliorivieraligure.it\/#\/schema\/person\/ce9238cf35ba5682b5a7a8406c4e58e7"},"headline":"Il balzo","datePublished":"2025-07-24T09:05:32+00:00","dateModified":"2025-07-24T09:27:19+00:00","mainEntityOfPage":{"@id":"https:\/\/www.oliorivieraligure.it\/agronomo\/il-balzo\/"},"wordCount":925,"publisher":{"@id":"https:\/\/www.oliorivieraligure.it\/#organization"},"image":{"@id":"https:\/\/www.oliorivieraligure.it\/agronomo\/il-balzo\/#primaryimage"},"thumbnailUrl":"https:\/\/i0.wp.com\/www.oliorivieraligure.it\/wp-content\/uploads\/2025\/07\/Catture-di-adulti-di-mosca-olearia.jpg?fit=522%2C393&ssl=1","keywords":["#lamialiguria","#oliodoprivieraligure","Assaggia la Liguria","Consorzio di Tutela Olio DOP Riviera Ligure","Exirel Bait","mosca dell'olivo","occhio di pavone","Olig +","Olio Dop Riviera Ligure","oliveto della Riviera Ligure","olivicoltori","olivicoltura","Regione Liguria","Taggiasca"],"articleSection":["Bollettino olivicolo"],"inLanguage":"en-US"},{"@type":"WebPage","@id":"https:\/\/www.oliorivieraligure.it\/agronomo\/il-balzo\/","url":"https:\/\/www.oliorivieraligure.it\/agronomo\/il-balzo\/","name":"[:it]Il balzo[:] - Consorzio di Tutela Olio DOP Riviera Ligure","isPartOf":{"@id":"https:\/\/www.oliorivieraligure.it\/#website"},"primaryImageOfPage":{"@id":"https:\/\/www.oliorivieraligure.it\/agronomo\/il-balzo\/#primaryimage"},"image":{"@id":"https:\/\/www.oliorivieraligure.it\/agronomo\/il-balzo\/#primaryimage"},"thumbnailUrl":"https:\/\/i0.wp.com\/www.oliorivieraligure.it\/wp-content\/uploads\/2025\/07\/Catture-di-adulti-di-mosca-olearia.jpg?fit=522%2C393&ssl=1","datePublished":"2025-07-24T09:05:32+00:00","dateModified":"2025-07-24T09:27:19+00:00","description":"Il balzo","breadcrumb":{"@id":"https:\/\/www.oliorivieraligure.it\/agronomo\/il-balzo\/#breadcrumb"},"inLanguage":"en-US","potentialAction":[{"@type":"ReadAction","target":["https:\/\/www.oliorivieraligure.it\/agronomo\/il-balzo\/"]}]},{"@type":"ImageObject","inLanguage":"en-US","@id":"https:\/\/www.oliorivieraligure.it\/agronomo\/il-balzo\/#primaryimage","url":"https:\/\/i0.wp.com\/www.oliorivieraligure.it\/wp-content\/uploads\/2025\/07\/Catture-di-adulti-di-mosca-olearia.jpg?fit=522%2C393&ssl=1","contentUrl":"https:\/\/i0.wp.com\/www.oliorivieraligure.it\/wp-content\/uploads\/2025\/07\/Catture-di-adulti-di-mosca-olearia.jpg?fit=522%2C393&ssl=1","width":522,"height":393,"caption":"Catture di adulti di mosca olearia"},{"@type":"BreadcrumbList","@id":"https:\/\/www.oliorivieraligure.it\/agronomo\/il-balzo\/#breadcrumb","itemListElement":[{"@type":"ListItem","position":1,"name":"Home","item":"https:\/\/www.oliorivieraligure.it\/"},{"@type":"ListItem","position":2,"name":"Il balzo"}]},{"@type":"WebSite","@id":"https:\/\/www.oliorivieraligure.it\/#website","url":"https:\/\/www.oliorivieraligure.it\/","name":"Consorzio di Tutela Olio DOP Riviera Ligure","description":"Tutta la nostra passione da sempre. Naturalmente.","publisher":{"@id":"https:\/\/www.oliorivieraligure.it\/#organization"},"potentialAction":[{"@type":"SearchAction","target":{"@type":"EntryPoint","urlTemplate":"https:\/\/www.oliorivieraligure.it\/?s={search_term_string}"},"query-input":{"@type":"PropertyValueSpecification","valueRequired":true,"valueName":"search_term_string"}}],"inLanguage":"en-US"},{"@type":"Organization","@id":"https:\/\/www.oliorivieraligure.it\/#organization","name":"Consorzio per la Tutela dell'Olio DOP Riviera Ligure","url":"https:\/\/www.oliorivieraligure.it\/","logo":{"@type":"ImageObject","inLanguage":"en-US","@id":"https:\/\/www.oliorivieraligure.it\/#\/schema\/logo\/image\/","url":"https:\/\/i2.wp.com\/www.oliorivieraligure.it\/wp-content\/uploads\/2016\/11\/logoconsorzio.jpg?fit=1040%2C520&ssl=1","contentUrl":"https:\/\/i2.wp.com\/www.oliorivieraligure.it\/wp-content\/uploads\/2016\/11\/logoconsorzio.jpg?fit=1040%2C520&ssl=1","width":1040,"height":520,"caption":"Consorzio per la Tutela dell'Olio DOP Riviera Ligure"},"image":{"@id":"https:\/\/www.oliorivieraligure.it\/#\/schema\/logo\/image\/"}},{"@type":"Person","@id":"https:\/\/www.oliorivieraligure.it\/#\/schema\/person\/ce9238cf35ba5682b5a7a8406c4e58e7","name":"Giorgio Lazzaretti","url":"https:\/\/www.oliorivieraligure.it\/en\/author\/direzione\/"}]}},"jetpack_publicize_connections":[],"jetpack_featured_media_url":"https:\/\/i0.wp.com\/www.oliorivieraligure.it\/wp-content\/uploads\/2025\/07\/Catture-di-adulti-di-mosca-olearia.jpg?fit=522%2C393&ssl=1","jetpack_shortlink":"https:\/\/wp.me\/p1pXCP-2pK","jetpack_sharing_enabled":true,"_links":{"self":[{"href":"https:\/\/www.oliorivieraligure.it\/en\/wp-json\/wp\/v2\/posts\/9284","targetHints":{"allow":["GET"]}}],"collection":[{"href":"https:\/\/www.oliorivieraligure.it\/en\/wp-json\/wp\/v2\/posts"}],"about":[{"href":"https:\/\/www.oliorivieraligure.it\/en\/wp-json\/wp\/v2\/types\/post"}],"author":[{"embeddable":true,"href":"https:\/\/www.oliorivieraligure.it\/en\/wp-json\/wp\/v2\/users\/13"}],"replies":[{"embeddable":true,"href":"https:\/\/www.oliorivieraligure.it\/en\/wp-json\/wp\/v2\/comments?post=9284"}],"version-history":[{"count":0,"href":"https:\/\/www.oliorivieraligure.it\/en\/wp-json\/wp\/v2\/posts\/9284\/revisions"}],"wp:featuredmedia":[{"embeddable":true,"href":"https:\/\/www.oliorivieraligure.it\/en\/wp-json\/wp\/v2\/media\/9286"}],"wp:attachment":[{"href":"https:\/\/www.oliorivieraligure.it\/en\/wp-json\/wp\/v2\/media?parent=9284"}],"wp:term":[{"taxonomy":"category","embeddable":true,"href":"https:\/\/www.oliorivieraligure.it\/en\/wp-json\/wp\/v2\/categories?post=9284"},{"taxonomy":"post_tag","embeddable":true,"href":"https:\/\/www.oliorivieraligure.it\/en\/wp-json\/wp\/v2\/tags?post=9284"}],"curies":[{"name":"wp","href":"https:\/\/api.w.org\/{rel}","templated":true}]}}