{"id":9484,"date":"2026-02-20T09:24:51","date_gmt":"2026-02-20T08:24:51","guid":{"rendered":"https:\/\/www.oliorivieraligure.it\/?p=9484"},"modified":"2026-02-20T09:24:51","modified_gmt":"2026-02-20T08:24:51","slug":"dal-suolo-alla-pianta-per-iniziare","status":"publish","type":"post","link":"https:\/\/www.oliorivieraligure.it\/en\/agronomo\/dal-suolo-alla-pianta-per-iniziare\/","title":{"rendered":"Dal suolo alla pianta: per iniziare"},"content":{"rendered":"<p class=\"qtranxs-available-languages-message qtranxs-available-languages-message-en\">Sorry, this entry is only available in <a href=\"https:\/\/www.oliorivieraligure.it\/it\/wp-json\/wp\/v2\/posts\/9484\" class=\"qtranxs-available-language-link qtranxs-available-language-link-it\" title=\"Italiano\">Italiano<\/a>. For the sake of viewer convenience, the content is shown below in the alternative language. You may click the link to switch the active language.<\/p><p>Primi assaggi di primavera: dopo basse temperature e periodi piovosi, hanno fatto la loro comparsa giornate pi\u00f9 miti e soleggiate. Inizia quel complesso di fenomeni influenzati dalla lunghezza dei periodi di luce (in progressivo aumento) e dal soddisfacimento del fabbisogno in freddo (che nell\u2019olivo \u00e8 quantificabile in circa 200-250 ore di temperature al di sotto tra 0 e 11 \u00b0C con ottimo a 7 \u00b0C) che portano all\u2019aumento dell\u2019attivit\u00e0 delle diverse parti della pianta, attraverso una graduale ripresa delle attivit\u00e0 di gemme e radici che comporta una maggiore mobilit\u00e0 delle sostanze di riserva e il loro impiego da parte di questi organi. A mediare questo processo sono messaggeri chimici che consentono a parti diverse della pianta di comunicare tra loro: si tratta degli ormoni vegetali, in particolar modo delle gibberelline e delle citochinine.<\/p>\n<p>Queste fasi implicano quindi un\u2019intensa attivit\u00e0 da parte della pianta anche in termini di impiego di nutrienti quali azoto, calcio, fosforo e potassio che al risveglio vegetativo vengono richiamati dalla maggiore attivit\u00e0 delle gemme.<\/p>\n<p>L\u2019azoto \u00e8 l\u2019elemento che stimola maggiormente la crescita e lo sviluppo vegetativo e che viene traslocato dalle zone dove viene accumulato in forma organica (principalmente branche e radici) alle zone di maggiore accrescimento (rami nuovi, foglie). \u00a0Se le condizioni di umidit\u00e0 del terreno sono buone la risposta della pianta \u00e8 rapida, tenendo presente che il rilascio in oliveto degli scarti della potatura (meglio se triturate o addirittura compostate) consente una restituzione di azoto stimata nell\u2019ordine del 50% rispetto alle asportazioni. Data l\u2019elevata mobilit\u00e0 di questo elemento nelle sue diverse forme (nitrica e ammoniacale) \u00e8 bene prevedere un frazionamento della distribuzione, considerando i tre-quattro momenti di maggiore richiesta: quello a fine inverno-inizio primavera (prima della ripresa vegetativa), quello alla mignolatura e quello all\u2019indurimento del nocciolo ai quali si somma quello post-raccolta (dopo la raccolta ma prima delle piogge per evitare perdite e dilavamento),<\/p>\n<p>L\u2019azoto viene assorbito nella forma nitrica (NO<sub>3<\/sub><sup>&#8211;<\/sup>) che \u00e8 anche quella pi\u00f9 facilmente dilavabile ovvero che pu\u00f2 essere trasportata dalle piogge lontano dalle radici assorbenti. Si stima che una produzione di 40-50 q di olive ad ettaro (considerando una densit\u00e0 teorica di 156 piante) richieda circa 100 kg di azoto che sarebbe opportuno restituire con distribuzioni frazionate nelle tre epoche citate sopra. Se consideriamo 156 piante ad ettaro (con un sesto di impianto indicativo di 8 x 8 metri nel nostro oliveto dimostrativo di Lucinasco che consideriamo ampiamente rappresentativo per la Liguria) ne consegue una quantit\u00e0 da distribuire pari a circa 0,6 kg di azoto (N) a pianta.<\/p>\n<p>Elementi quali il fosforo e il potassio hanno invece una ridotta mobilit\u00e0 ed \u00e8 pertanto preferibile distribuirli nelle fasi post raccolta (autunno e inverno), pertanto siamo al limite del periodo utile, mentre nel caso dell\u2019azoto \u00e8 consigliabile attendere ancora qualche settimana, anche per consentire un ulteriore rialzo della temperatura a livello delle radici.<\/p>\n<p>Si tratta ovviamente di indicazioni di massima calibrate sulla zona dell\u2019Oliveto dimostrativo che devono essere integrate dalla conoscenza della tipologia di terreno e dal contenuto in elementi nutritivi, dalle caratteristiche delle variet\u00e0 e dal tipo di tecniche agronomiche adottate oltre che dalle condizioni climatiche e dal livello produttivo; la determinazione dei fabbisogni nutrizionali dell\u2019olivo (come di tutte le colture) pu\u00f2 essere ricondotta alla seguente equazione:<\/p>\n<p>Quantit\u00e0 di fertilizzante = Fabbisogno della coltura \u2013 Apporti + Perdite<\/p>\n<p>Per chi volesse approfondire:<\/p>\n<p>https:\/\/www.agriligurianet.it\/en\/impresa\/marchi-e-disciplinari\/disciplinari-di-produzione\/disciplinari-agroambientali.html<\/p>\n<p>&nbsp;<\/p>\n<p><div id=\"attachment_9485\" style=\"width: 408px\" class=\"wp-caption aligncenter\"><img data-recalc-dims=\"1\" loading=\"lazy\" decoding=\"async\" aria-describedby=\"caption-attachment-9485\" class=\"size-medium wp-image-9485\" src=\"https:\/\/i0.wp.com\/www.oliorivieraligure.it\/wp-content\/uploads\/2026\/02\/Immagine3.jpg?resize=398%2C300&#038;ssl=1\" alt=\"\" width=\"398\" height=\"300\" srcset=\"https:\/\/i0.wp.com\/www.oliorivieraligure.it\/wp-content\/uploads\/2026\/02\/Immagine3.jpg?resize=398%2C300&amp;ssl=1 398w, https:\/\/i0.wp.com\/www.oliorivieraligure.it\/wp-content\/uploads\/2026\/02\/Immagine3.jpg?resize=264%2C200&amp;ssl=1 264w, https:\/\/i0.wp.com\/www.oliorivieraligure.it\/wp-content\/uploads\/2026\/02\/Immagine3.jpg?resize=200%2C151&amp;ssl=1 200w, https:\/\/i0.wp.com\/www.oliorivieraligure.it\/wp-content\/uploads\/2026\/02\/Immagine3.jpg?w=522&amp;ssl=1 522w\" sizes=\"auto, (max-width: 398px) 100vw, 398px\" \/><p id=\"caption-attachment-9485\" class=\"wp-caption-text\">Dal suolo alla pianta: per iniziare<\/p><\/div><\/p>","protected":false},"excerpt":{"rendered":"<p>Sorry, this entry is only available in Italiano. For the sake of viewer convenience, the content is shown below in the alternative language. You may click the link to switch the active language.Primi assaggi di primavera: dopo basse temperature e periodi piovosi, hanno fatto la loro comparsa giornate pi\u00f9 miti e soleggiate. Inizia quel complesso [&hellip;]<\/p>\n","protected":false},"author":13,"featured_media":9485,"comment_status":"closed","ping_status":"closed","sticky":false,"template":"","format":"standard","meta":{"_genesis_hide_title":false,"_genesis_hide_breadcrumbs":false,"_genesis_hide_singular_image":false,"_genesis_hide_footer_widgets":false,"_genesis_custom_body_class":"","_genesis_custom_post_class":"","_genesis_layout":"","jetpack_post_was_ever_published":false,"_jetpack_newsletter_access":"","_jetpack_dont_email_post_to_subs":false,"_jetpack_newsletter_tier_id":0,"_jetpack_memberships_contains_paywalled_content":false,"_jetpack_memberships_contains_paid_content":false,"footnotes":"","jetpack_publicize_message":"","jetpack_publicize_feature_enabled":true,"jetpack_social_post_already_shared":true,"jetpack_social_options":{"image_generator_settings":{"template":"highway","enabled":false},"version":2}},"categories":[987],"tags":[315,359,518,91,972,55,934,935,7,195,77,79],"class_list":{"0":"post-9484","1":"post","2":"type-post","3":"status-publish","4":"format-standard","5":"has-post-thumbnail","7":"category-agronomo","8":"tag-lamialiguria","9":"tag-oliodoprivieraligure","10":"tag-assaggia-la-liguria","11":"tag-consorzio-di-tutela-olio-dop-riviera-ligure","12":"tag-exirel-bait","13":"tag-igp","14":"tag-mosca-dellolivo","15":"tag-occhio-di-pavone","16":"tag-olio-dop-riviera-ligure","17":"tag-oliveto-della-riviera-ligure","18":"tag-olivicoltori","19":"tag-regione-liguria","20":"entry"},"yoast_head":"<!-- This site is optimized with the Yoast SEO plugin v25.1 - https:\/\/yoast.com\/wordpress\/plugins\/seo\/ -->\n<title><\/title>\n<meta name=\"description\" content=\"Dal suolo alla pianta: per iniziare\" \/>\n<meta name=\"robots\" content=\"index, follow, max-snippet:-1, max-image-preview:large, max-video-preview:-1\" \/>\n<link rel=\"canonical\" href=\"https:\/\/www.oliorivieraligure.it\/agronomo\/dal-suolo-alla-pianta-per-iniziare\/\" \/>\n<meta name=\"twitter:label1\" content=\"Written by\" \/>\n\t<meta name=\"twitter:data1\" content=\"Giorgio Lazzaretti\" \/>\n\t<meta name=\"twitter:label2\" content=\"Est. reading time\" \/>\n\t<meta name=\"twitter:data2\" content=\"4 minutes\" \/>\n<script type=\"application\/ld+json\" class=\"yoast-schema-graph\">{\"@context\":\"https:\/\/schema.org\",\"@graph\":[{\"@type\":\"Article\",\"@id\":\"https:\/\/www.oliorivieraligure.it\/agronomo\/dal-suolo-alla-pianta-per-iniziare\/#article\",\"isPartOf\":{\"@id\":\"https:\/\/www.oliorivieraligure.it\/agronomo\/dal-suolo-alla-pianta-per-iniziare\/\"},\"author\":{\"name\":\"Giorgio Lazzaretti\",\"@id\":\"https:\/\/www.oliorivieraligure.it\/#\/schema\/person\/ce9238cf35ba5682b5a7a8406c4e58e7\"},\"headline\":\"Dal suolo alla pianta: per iniziare\",\"datePublished\":\"2026-02-20T08:24:51+00:00\",\"mainEntityOfPage\":{\"@id\":\"https:\/\/www.oliorivieraligure.it\/agronomo\/dal-suolo-alla-pianta-per-iniziare\/\"},\"wordCount\":576,\"publisher\":{\"@id\":\"https:\/\/www.oliorivieraligure.it\/#organization\"},\"image\":{\"@id\":\"https:\/\/www.oliorivieraligure.it\/agronomo\/dal-suolo-alla-pianta-per-iniziare\/#primaryimage\"},\"thumbnailUrl\":\"https:\/\/i0.wp.com\/www.oliorivieraligure.it\/wp-content\/uploads\/2026\/02\/Immagine3.jpg?fit=522%2C393&ssl=1\",\"keywords\":[\"#lamialiguria\",\"#oliodoprivieraligure\",\"Assaggia la Liguria\",\"Consorzio di Tutela Olio DOP Riviera Ligure\",\"Exirel Bait\",\"IGP\",\"mosca dell'olivo\",\"occhio di pavone\",\"Olio Dop Riviera Ligure\",\"oliveto della Riviera Ligure\",\"olivicoltori\",\"Regione Liguria\"],\"articleSection\":[\"Bollettino olivicolo\"],\"inLanguage\":\"en-US\"},{\"@type\":\"WebPage\",\"@id\":\"https:\/\/www.oliorivieraligure.it\/agronomo\/dal-suolo-alla-pianta-per-iniziare\/\",\"url\":\"https:\/\/www.oliorivieraligure.it\/agronomo\/dal-suolo-alla-pianta-per-iniziare\/\",\"name\":\"[:it]Dal suolo alla pianta: per iniziare[:] - Consorzio di Tutela Olio DOP Riviera Ligure\",\"isPartOf\":{\"@id\":\"https:\/\/www.oliorivieraligure.it\/#website\"},\"primaryImageOfPage\":{\"@id\":\"https:\/\/www.oliorivieraligure.it\/agronomo\/dal-suolo-alla-pianta-per-iniziare\/#primaryimage\"},\"image\":{\"@id\":\"https:\/\/www.oliorivieraligure.it\/agronomo\/dal-suolo-alla-pianta-per-iniziare\/#primaryimage\"},\"thumbnailUrl\":\"https:\/\/i0.wp.com\/www.oliorivieraligure.it\/wp-content\/uploads\/2026\/02\/Immagine3.jpg?fit=522%2C393&ssl=1\",\"datePublished\":\"2026-02-20T08:24:51+00:00\",\"description\":\"Dal suolo alla pianta: per iniziare\",\"breadcrumb\":{\"@id\":\"https:\/\/www.oliorivieraligure.it\/agronomo\/dal-suolo-alla-pianta-per-iniziare\/#breadcrumb\"},\"inLanguage\":\"en-US\",\"potentialAction\":[{\"@type\":\"ReadAction\",\"target\":[\"https:\/\/www.oliorivieraligure.it\/agronomo\/dal-suolo-alla-pianta-per-iniziare\/\"]}]},{\"@type\":\"ImageObject\",\"inLanguage\":\"en-US\",\"@id\":\"https:\/\/www.oliorivieraligure.it\/agronomo\/dal-suolo-alla-pianta-per-iniziare\/#primaryimage\",\"url\":\"https:\/\/i0.wp.com\/www.oliorivieraligure.it\/wp-content\/uploads\/2026\/02\/Immagine3.jpg?fit=522%2C393&ssl=1\",\"contentUrl\":\"https:\/\/i0.wp.com\/www.oliorivieraligure.it\/wp-content\/uploads\/2026\/02\/Immagine3.jpg?fit=522%2C393&ssl=1\",\"width\":522,\"height\":393,\"caption\":\"Dal suolo alla pianta: per iniziare\"},{\"@type\":\"BreadcrumbList\",\"@id\":\"https:\/\/www.oliorivieraligure.it\/agronomo\/dal-suolo-alla-pianta-per-iniziare\/#breadcrumb\",\"itemListElement\":[{\"@type\":\"ListItem\",\"position\":1,\"name\":\"Home\",\"item\":\"https:\/\/www.oliorivieraligure.it\/\"},{\"@type\":\"ListItem\",\"position\":2,\"name\":\"Dal suolo alla pianta: per iniziare\"}]},{\"@type\":\"WebSite\",\"@id\":\"https:\/\/www.oliorivieraligure.it\/#website\",\"url\":\"https:\/\/www.oliorivieraligure.it\/\",\"name\":\"Consorzio di Tutela Olio DOP Riviera Ligure\",\"description\":\"Tutta la nostra passione da sempre. Naturalmente.\",\"publisher\":{\"@id\":\"https:\/\/www.oliorivieraligure.it\/#organization\"},\"potentialAction\":[{\"@type\":\"SearchAction\",\"target\":{\"@type\":\"EntryPoint\",\"urlTemplate\":\"https:\/\/www.oliorivieraligure.it\/?s={search_term_string}\"},\"query-input\":{\"@type\":\"PropertyValueSpecification\",\"valueRequired\":true,\"valueName\":\"search_term_string\"}}],\"inLanguage\":\"en-US\"},{\"@type\":\"Organization\",\"@id\":\"https:\/\/www.oliorivieraligure.it\/#organization\",\"name\":\"Consorzio per la Tutela dell'Olio DOP Riviera Ligure\",\"url\":\"https:\/\/www.oliorivieraligure.it\/\",\"logo\":{\"@type\":\"ImageObject\",\"inLanguage\":\"en-US\",\"@id\":\"https:\/\/www.oliorivieraligure.it\/#\/schema\/logo\/image\/\",\"url\":\"https:\/\/i2.wp.com\/www.oliorivieraligure.it\/wp-content\/uploads\/2016\/11\/logoconsorzio.jpg?fit=1040%2C520&ssl=1\",\"contentUrl\":\"https:\/\/i2.wp.com\/www.oliorivieraligure.it\/wp-content\/uploads\/2016\/11\/logoconsorzio.jpg?fit=1040%2C520&ssl=1\",\"width\":1040,\"height\":520,\"caption\":\"Consorzio per la Tutela dell'Olio DOP Riviera Ligure\"},\"image\":{\"@id\":\"https:\/\/www.oliorivieraligure.it\/#\/schema\/logo\/image\/\"}},{\"@type\":\"Person\",\"@id\":\"https:\/\/www.oliorivieraligure.it\/#\/schema\/person\/ce9238cf35ba5682b5a7a8406c4e58e7\",\"name\":\"Giorgio Lazzaretti\",\"url\":\"https:\/\/www.oliorivieraligure.it\/en\/author\/direzione\/\"}]}<\/script>\n<!-- \/ Yoast SEO plugin. -->","yoast_head_json":{"title":"[:it]Dal suolo alla pianta: per iniziare[:] - Consorzio di Tutela Olio DOP Riviera Ligure","description":"Dal suolo alla pianta: per iniziare","robots":{"index":"index","follow":"follow","max-snippet":"max-snippet:-1","max-image-preview":"max-image-preview:large","max-video-preview":"max-video-preview:-1"},"canonical":"https:\/\/www.oliorivieraligure.it\/agronomo\/dal-suolo-alla-pianta-per-iniziare\/","twitter_misc":{"Written by":"Giorgio Lazzaretti","Est. reading time":"4 minutes"},"schema":{"@context":"https:\/\/schema.org","@graph":[{"@type":"Article","@id":"https:\/\/www.oliorivieraligure.it\/agronomo\/dal-suolo-alla-pianta-per-iniziare\/#article","isPartOf":{"@id":"https:\/\/www.oliorivieraligure.it\/agronomo\/dal-suolo-alla-pianta-per-iniziare\/"},"author":{"name":"Giorgio Lazzaretti","@id":"https:\/\/www.oliorivieraligure.it\/#\/schema\/person\/ce9238cf35ba5682b5a7a8406c4e58e7"},"headline":"Dal suolo alla pianta: per iniziare","datePublished":"2026-02-20T08:24:51+00:00","mainEntityOfPage":{"@id":"https:\/\/www.oliorivieraligure.it\/agronomo\/dal-suolo-alla-pianta-per-iniziare\/"},"wordCount":576,"publisher":{"@id":"https:\/\/www.oliorivieraligure.it\/#organization"},"image":{"@id":"https:\/\/www.oliorivieraligure.it\/agronomo\/dal-suolo-alla-pianta-per-iniziare\/#primaryimage"},"thumbnailUrl":"https:\/\/i0.wp.com\/www.oliorivieraligure.it\/wp-content\/uploads\/2026\/02\/Immagine3.jpg?fit=522%2C393&ssl=1","keywords":["#lamialiguria","#oliodoprivieraligure","Assaggia la Liguria","Consorzio di Tutela Olio DOP Riviera Ligure","Exirel Bait","IGP","mosca dell'olivo","occhio di pavone","Olio Dop Riviera Ligure","oliveto della Riviera Ligure","olivicoltori","Regione Liguria"],"articleSection":["Bollettino olivicolo"],"inLanguage":"en-US"},{"@type":"WebPage","@id":"https:\/\/www.oliorivieraligure.it\/agronomo\/dal-suolo-alla-pianta-per-iniziare\/","url":"https:\/\/www.oliorivieraligure.it\/agronomo\/dal-suolo-alla-pianta-per-iniziare\/","name":"[:it]Dal suolo alla pianta: per iniziare[:] - Consorzio di Tutela Olio DOP Riviera Ligure","isPartOf":{"@id":"https:\/\/www.oliorivieraligure.it\/#website"},"primaryImageOfPage":{"@id":"https:\/\/www.oliorivieraligure.it\/agronomo\/dal-suolo-alla-pianta-per-iniziare\/#primaryimage"},"image":{"@id":"https:\/\/www.oliorivieraligure.it\/agronomo\/dal-suolo-alla-pianta-per-iniziare\/#primaryimage"},"thumbnailUrl":"https:\/\/i0.wp.com\/www.oliorivieraligure.it\/wp-content\/uploads\/2026\/02\/Immagine3.jpg?fit=522%2C393&ssl=1","datePublished":"2026-02-20T08:24:51+00:00","description":"Dal suolo alla pianta: per iniziare","breadcrumb":{"@id":"https:\/\/www.oliorivieraligure.it\/agronomo\/dal-suolo-alla-pianta-per-iniziare\/#breadcrumb"},"inLanguage":"en-US","potentialAction":[{"@type":"ReadAction","target":["https:\/\/www.oliorivieraligure.it\/agronomo\/dal-suolo-alla-pianta-per-iniziare\/"]}]},{"@type":"ImageObject","inLanguage":"en-US","@id":"https:\/\/www.oliorivieraligure.it\/agronomo\/dal-suolo-alla-pianta-per-iniziare\/#primaryimage","url":"https:\/\/i0.wp.com\/www.oliorivieraligure.it\/wp-content\/uploads\/2026\/02\/Immagine3.jpg?fit=522%2C393&ssl=1","contentUrl":"https:\/\/i0.wp.com\/www.oliorivieraligure.it\/wp-content\/uploads\/2026\/02\/Immagine3.jpg?fit=522%2C393&ssl=1","width":522,"height":393,"caption":"Dal suolo alla pianta: per iniziare"},{"@type":"BreadcrumbList","@id":"https:\/\/www.oliorivieraligure.it\/agronomo\/dal-suolo-alla-pianta-per-iniziare\/#breadcrumb","itemListElement":[{"@type":"ListItem","position":1,"name":"Home","item":"https:\/\/www.oliorivieraligure.it\/"},{"@type":"ListItem","position":2,"name":"Dal suolo alla pianta: per iniziare"}]},{"@type":"WebSite","@id":"https:\/\/www.oliorivieraligure.it\/#website","url":"https:\/\/www.oliorivieraligure.it\/","name":"Consorzio di Tutela Olio DOP Riviera Ligure","description":"Tutta la nostra passione da sempre. Naturalmente.","publisher":{"@id":"https:\/\/www.oliorivieraligure.it\/#organization"},"potentialAction":[{"@type":"SearchAction","target":{"@type":"EntryPoint","urlTemplate":"https:\/\/www.oliorivieraligure.it\/?s={search_term_string}"},"query-input":{"@type":"PropertyValueSpecification","valueRequired":true,"valueName":"search_term_string"}}],"inLanguage":"en-US"},{"@type":"Organization","@id":"https:\/\/www.oliorivieraligure.it\/#organization","name":"Consorzio per la Tutela dell'Olio DOP Riviera Ligure","url":"https:\/\/www.oliorivieraligure.it\/","logo":{"@type":"ImageObject","inLanguage":"en-US","@id":"https:\/\/www.oliorivieraligure.it\/#\/schema\/logo\/image\/","url":"https:\/\/i2.wp.com\/www.oliorivieraligure.it\/wp-content\/uploads\/2016\/11\/logoconsorzio.jpg?fit=1040%2C520&ssl=1","contentUrl":"https:\/\/i2.wp.com\/www.oliorivieraligure.it\/wp-content\/uploads\/2016\/11\/logoconsorzio.jpg?fit=1040%2C520&ssl=1","width":1040,"height":520,"caption":"Consorzio per la Tutela dell'Olio DOP Riviera Ligure"},"image":{"@id":"https:\/\/www.oliorivieraligure.it\/#\/schema\/logo\/image\/"}},{"@type":"Person","@id":"https:\/\/www.oliorivieraligure.it\/#\/schema\/person\/ce9238cf35ba5682b5a7a8406c4e58e7","name":"Giorgio Lazzaretti","url":"https:\/\/www.oliorivieraligure.it\/en\/author\/direzione\/"}]}},"jetpack_publicize_connections":[],"jetpack_featured_media_url":"https:\/\/i0.wp.com\/www.oliorivieraligure.it\/wp-content\/uploads\/2026\/02\/Immagine3.jpg?fit=522%2C393&ssl=1","jetpack_shortlink":"https:\/\/wp.me\/p1pXCP-2sY","jetpack_sharing_enabled":true,"_links":{"self":[{"href":"https:\/\/www.oliorivieraligure.it\/en\/wp-json\/wp\/v2\/posts\/9484","targetHints":{"allow":["GET"]}}],"collection":[{"href":"https:\/\/www.oliorivieraligure.it\/en\/wp-json\/wp\/v2\/posts"}],"about":[{"href":"https:\/\/www.oliorivieraligure.it\/en\/wp-json\/wp\/v2\/types\/post"}],"author":[{"embeddable":true,"href":"https:\/\/www.oliorivieraligure.it\/en\/wp-json\/wp\/v2\/users\/13"}],"replies":[{"embeddable":true,"href":"https:\/\/www.oliorivieraligure.it\/en\/wp-json\/wp\/v2\/comments?post=9484"}],"version-history":[{"count":0,"href":"https:\/\/www.oliorivieraligure.it\/en\/wp-json\/wp\/v2\/posts\/9484\/revisions"}],"wp:featuredmedia":[{"embeddable":true,"href":"https:\/\/www.oliorivieraligure.it\/en\/wp-json\/wp\/v2\/media\/9485"}],"wp:attachment":[{"href":"https:\/\/www.oliorivieraligure.it\/en\/wp-json\/wp\/v2\/media?parent=9484"}],"wp:term":[{"taxonomy":"category","embeddable":true,"href":"https:\/\/www.oliorivieraligure.it\/en\/wp-json\/wp\/v2\/categories?post=9484"},{"taxonomy":"post_tag","embeddable":true,"href":"https:\/\/www.oliorivieraligure.it\/en\/wp-json\/wp\/v2\/tags?post=9484"}],"curies":[{"name":"wp","href":"https:\/\/api.w.org\/{rel}","templated":true}]}}